{"id":9984,"date":"2020-11-19T15:25:13","date_gmt":"2020-11-19T20:25:13","guid":{"rendered":"https:\/\/gadgualaquiza.gob.ec\/web\/?p=9984"},"modified":"2020-11-19T15:25:33","modified_gmt":"2020-11-19T20:25:33","slug":"bienvenida-a-nuestra-reina","status":"publish","type":"post","link":"https:\/\/gadgualaquiza.gob.ec\/web\/2020\/11\/19\/bienvenida-a-nuestra-reina\/","title":{"rendered":"BIENVENIDA A NUESTRA REINA"},"content":{"rendered":"\n<p>Erika I Reina de Gualaquiza y Reina Provincial Intercultural de Morona Santiago fue recibida por la ciudadania gualaquicense, quienes brindaron muestras de cari\u00f1o al pasar de la caravana por las principales calles de la ciudad efectuada la ma\u00f1ana de hoy mi\u00e9rcoles. <\/p>\n\n\n\n<p>El Ing. Francis Pav\u00f3n junto con los Concejales, Directores Municipales y dem\u00e1s invitados recibieron a nuestra Reina en el Auditorio Municipal, lugar donde se entregaron presentes por parte de casas comerciales locales y profesionales del cant\u00f3n.<\/p>\n\n\n\n<p> Nuestro Alcalde reiter\u00f3 el apoyo total hacia nuestra Reina en los diferentes proyectos que realice en bien de las personas m\u00e1s necesitadas de nuestro cant\u00f3n y provincia. <\/p>\n","protected":false},"excerpt":{"rendered":"<p>Erika I Reina de Gualaquiza y Reina Provincial Intercultural de<span class=\"excerpt-hellip\"> [\u2026]<\/span><\/p>\n","protected":false},"author":2,"featured_media":9985,"comment_status":"open","ping_status":"open","sticky":false,"template":"","format":"standard","meta":{"footnotes":""},"categories":[2,8],"tags":[],"yoast_head":"<!-- This site is optimized with the Yoast SEO Premium plugin v19.7 (Yoast SEO v22.4) - https:\/\/yoast.com\/wordpress\/plugins\/seo\/ -->\n<title>BIENVENIDA A NUESTRA REINA | Gad Municipal de Gualaquiza<\/title>\n<meta name=\"robots\" content=\"index, follow, max-snippet:-1, max-image-preview:large, max-video-preview:-1\" \/>\n<link rel=\"canonical\" href=\"https:\/\/gadgualaquiza.gob.ec\/web\/2020\/11\/19\/bienvenida-a-nuestra-reina\/\" \/>\n<meta property=\"og:locale\" content=\"es_ES\" \/>\n<meta property=\"og:type\" content=\"article\" \/>\n<meta property=\"og:title\" content=\"BIENVENIDA A NUESTRA REINA\" \/>\n<meta property=\"og:description\" content=\"Erika I Reina de Gualaquiza y Reina Provincial Intercultural de [\u2026]\" \/>\n<meta property=\"og:url\" content=\"https:\/\/gadgualaquiza.gob.ec\/web\/2020\/11\/19\/bienvenida-a-nuestra-reina\/\" \/>\n<meta property=\"og:site_name\" content=\"Gad Municipal de Gualaquiza\" \/>\n<meta property=\"article:publisher\" content=\"https:\/\/www.facebook.com\/GADMGualaquiza\/\" \/>\n<meta property=\"article:published_time\" content=\"2020-11-19T20:25:13+00:00\" \/>\n<meta property=\"article:modified_time\" content=\"2020-11-19T20:25:33+00:00\" \/>\n<meta property=\"og:image\" content=\"https:\/\/gadgualaquiza.gob.ec\/web\/wp-content\/uploads\/2020\/11\/BIENVENIDA.jpg\" \/>\n\t<meta property=\"og:image:width\" content=\"960\" \/>\n\t<meta property=\"og:image:height\" content=\"605\" \/>\n\t<meta property=\"og:image:type\" content=\"image\/jpeg\" \/>\n<meta name=\"author\" content=\"Fernando Pesantez\" \/>\n<meta name=\"twitter:card\" content=\"summary_large_image\" \/>\n<meta name=\"twitter:creator\" content=\"@gadgualaquiza\" \/>\n<meta name=\"twitter:site\" content=\"@gadgualaquiza\" \/>\n<meta name=\"twitter:label1\" content=\"Escrito por\" \/>\n\t<meta name=\"twitter:data1\" content=\"Fernando Pesantez\" \/>\n\t<meta name=\"twitter:label2\" content=\"Tiempo de lectura\" \/>\n\t<meta name=\"twitter:data2\" content=\"1 minuto\" \/>\n<script type=\"application\/ld+json\" class=\"yoast-schema-graph\">{\"@context\":\"https:\/\/schema.org\",\"@graph\":[{\"@type\":\"Article\",\"@id\":\"https:\/\/gadgualaquiza.gob.ec\/web\/2020\/11\/19\/bienvenida-a-nuestra-reina\/#article\",\"isPartOf\":{\"@id\":\"https:\/\/gadgualaquiza.gob.ec\/web\/2020\/11\/19\/bienvenida-a-nuestra-reina\/\"},\"author\":{\"name\":\"Fernando Pesantez\",\"@id\":\"https:\/\/gadgualaquiza.gob.ec\/web\/#\/schema\/person\/aa08bcd7909c6672766f9edcdd9e722f\"},\"headline\":\"BIENVENIDA A NUESTRA REINA\",\"datePublished\":\"2020-11-19T20:25:13+00:00\",\"dateModified\":\"2020-11-19T20:25:33+00:00\",\"mainEntityOfPage\":{\"@id\":\"https:\/\/gadgualaquiza.gob.ec\/web\/2020\/11\/19\/bienvenida-a-nuestra-reina\/\"},\"wordCount\":116,\"commentCount\":0,\"publisher\":{\"@id\":\"https:\/\/gadgualaquiza.gob.ec\/web\/#organization\"},\"image\":{\"@id\":\"https:\/\/gadgualaquiza.gob.ec\/web\/2020\/11\/19\/bienvenida-a-nuestra-reina\/#primaryimage\"},\"thumbnailUrl\":\"https:\/\/gadgualaquiza.gob.ec\/web\/wp-content\/uploads\/2020\/11\/BIENVENIDA.jpg\",\"articleSection\":[\"COMUNIDAD\",\"NOTICIAS RECIENTES\"],\"inLanguage\":\"es\",\"potentialAction\":[{\"@type\":\"CommentAction\",\"name\":\"Comment\",\"target\":[\"https:\/\/gadgualaquiza.gob.ec\/web\/2020\/11\/19\/bienvenida-a-nuestra-reina\/#respond\"]}]},{\"@type\":\"WebPage\",\"@id\":\"https:\/\/gadgualaquiza.gob.ec\/web\/2020\/11\/19\/bienvenida-a-nuestra-reina\/\",\"url\":\"https:\/\/gadgualaquiza.gob.ec\/web\/2020\/11\/19\/bienvenida-a-nuestra-reina\/\",\"name\":\"BIENVENIDA A NUESTRA REINA | Gad Municipal de Gualaquiza\",\"isPartOf\":{\"@id\":\"https:\/\/gadgualaquiza.gob.ec\/web\/#website\"},\"primaryImageOfPage\":{\"@id\":\"https:\/\/gadgualaquiza.gob.ec\/web\/2020\/11\/19\/bienvenida-a-nuestra-reina\/#primaryimage\"},\"image\":{\"@id\":\"https:\/\/gadgualaquiza.gob.ec\/web\/2020\/11\/19\/bienvenida-a-nuestra-reina\/#primaryimage\"},\"thumbnailUrl\":\"https:\/\/gadgualaquiza.gob.ec\/web\/wp-content\/uploads\/2020\/11\/BIENVENIDA.jpg\",\"datePublished\":\"2020-11-19T20:25:13+00:00\",\"dateModified\":\"2020-11-19T20:25:33+00:00\",\"breadcrumb\":{\"@id\":\"https:\/\/gadgualaquiza.gob.ec\/web\/2020\/11\/19\/bienvenida-a-nuestra-reina\/#breadcrumb\"},\"inLanguage\":\"es\",\"potentialAction\":[{\"@type\":\"ReadAction\",\"target\":[\"https:\/\/gadgualaquiza.gob.ec\/web\/2020\/11\/19\/bienvenida-a-nuestra-reina\/\"]}]},{\"@type\":\"ImageObject\",\"inLanguage\":\"es\",\"@id\":\"https:\/\/gadgualaquiza.gob.ec\/web\/2020\/11\/19\/bienvenida-a-nuestra-reina\/#primaryimage\",\"url\":\"https:\/\/gadgualaquiza.gob.ec\/web\/wp-content\/uploads\/2020\/11\/BIENVENIDA.jpg\",\"contentUrl\":\"https:\/\/gadgualaquiza.gob.ec\/web\/wp-content\/uploads\/2020\/11\/BIENVENIDA.jpg\",\"width\":960,\"height\":605},{\"@type\":\"BreadcrumbList\",\"@id\":\"https:\/\/gadgualaquiza.gob.ec\/web\/2020\/11\/19\/bienvenida-a-nuestra-reina\/#breadcrumb\",\"itemListElement\":[{\"@type\":\"ListItem\",\"position\":1,\"name\":\"Portada\",\"item\":\"https:\/\/gadgualaquiza.gob.ec\/web\/\"},{\"@type\":\"ListItem\",\"position\":2,\"name\":\"BIENVENIDA A NUESTRA REINA\"}]},{\"@type\":\"WebSite\",\"@id\":\"https:\/\/gadgualaquiza.gob.ec\/web\/#website\",\"url\":\"https:\/\/gadgualaquiza.gob.ec\/web\/\",\"name\":\"Gad Municipal de Gualaquiza\",\"description\":\"Gualaquiza tiene futuro\",\"publisher\":{\"@id\":\"https:\/\/gadgualaquiza.gob.ec\/web\/#organization\"},\"potentialAction\":[{\"@type\":\"SearchAction\",\"target\":{\"@type\":\"EntryPoint\",\"urlTemplate\":\"https:\/\/gadgualaquiza.gob.ec\/web\/?s={search_term_string}\"},\"query-input\":\"required name=search_term_string\"}],\"inLanguage\":\"es\"},{\"@type\":\"Organization\",\"@id\":\"https:\/\/gadgualaquiza.gob.ec\/web\/#organization\",\"name\":\"GAD Municipal de Gualaquiza\",\"url\":\"https:\/\/gadgualaquiza.gob.ec\/web\/\",\"logo\":{\"@type\":\"ImageObject\",\"inLanguage\":\"es\",\"@id\":\"https:\/\/gadgualaquiza.gob.ec\/web\/#\/schema\/logo\/image\/\",\"url\":\"https:\/\/gadgualaquiza.gob.ec\/web\/wp-content\/uploads\/2018\/03\/logo.png\",\"contentUrl\":\"https:\/\/gadgualaquiza.gob.ec\/web\/wp-content\/uploads\/2018\/03\/logo.png\",\"width\":378,\"height\":168,\"caption\":\"GAD Municipal de Gualaquiza\"},\"image\":{\"@id\":\"https:\/\/gadgualaquiza.gob.ec\/web\/#\/schema\/logo\/image\/\"},\"sameAs\":[\"https:\/\/www.facebook.com\/GADMGualaquiza\/\",\"https:\/\/twitter.com\/gadgualaquiza\",\"https:\/\/www.youtube.com\/channel\/UCevG9dVTc47am3Z-S4sgeRg\/videos?disable_polymer=1\"]},{\"@type\":\"Person\",\"@id\":\"https:\/\/gadgualaquiza.gob.ec\/web\/#\/schema\/person\/aa08bcd7909c6672766f9edcdd9e722f\",\"name\":\"Fernando Pesantez\",\"image\":{\"@type\":\"ImageObject\",\"inLanguage\":\"es\",\"@id\":\"https:\/\/gadgualaquiza.gob.ec\/web\/#\/schema\/person\/image\/\",\"url\":\"https:\/\/secure.gravatar.com\/avatar\/efb8a6cdb2ab57ff97c950283b2ffe44?s=96&d=mm&r=g\",\"contentUrl\":\"https:\/\/secure.gravatar.com\/avatar\/efb8a6cdb2ab57ff97c950283b2ffe44?s=96&d=mm&r=g\",\"caption\":\"Fernando Pesantez\"},\"sameAs\":[\"http:\/\/www.gadgualaquiza.gob.ec\"],\"url\":\"https:\/\/gadgualaquiza.gob.ec\/web\/author\/fpesantez\/\"}]}<\/script>\n<!-- \/ Yoast SEO Premium plugin. -->","yoast_head_json":{"title":"BIENVENIDA A NUESTRA REINA | Gad Municipal de Gualaquiza","robots":{"index":"index","follow":"follow","max-snippet":"max-snippet:-1","max-image-preview":"max-image-preview:large","max-video-preview":"max-video-preview:-1"},"canonical":"https:\/\/gadgualaquiza.gob.ec\/web\/2020\/11\/19\/bienvenida-a-nuestra-reina\/","og_locale":"es_ES","og_type":"article","og_title":"BIENVENIDA A NUESTRA REINA","og_description":"Erika I Reina de Gualaquiza y Reina Provincial Intercultural de [\u2026]","og_url":"https:\/\/gadgualaquiza.gob.ec\/web\/2020\/11\/19\/bienvenida-a-nuestra-reina\/","og_site_name":"Gad Municipal de Gualaquiza","article_publisher":"https:\/\/www.facebook.com\/GADMGualaquiza\/","article_published_time":"2020-11-19T20:25:13+00:00","article_modified_time":"2020-11-19T20:25:33+00:00","og_image":[{"width":960,"height":605,"url":"https:\/\/gadgualaquiza.gob.ec\/web\/wp-content\/uploads\/2020\/11\/BIENVENIDA.jpg","type":"image\/jpeg"}],"author":"Fernando Pesantez","twitter_card":"summary_large_image","twitter_creator":"@gadgualaquiza","twitter_site":"@gadgualaquiza","twitter_misc":{"Escrito por":"Fernando Pesantez","Tiempo de lectura":"1 minuto"},"schema":{"@context":"https:\/\/schema.org","@graph":[{"@type":"Article","@id":"https:\/\/gadgualaquiza.gob.ec\/web\/2020\/11\/19\/bienvenida-a-nuestra-reina\/#article","isPartOf":{"@id":"https:\/\/gadgualaquiza.gob.ec\/web\/2020\/11\/19\/bienvenida-a-nuestra-reina\/"},"author":{"name":"Fernando Pesantez","@id":"https:\/\/gadgualaquiza.gob.ec\/web\/#\/schema\/person\/aa08bcd7909c6672766f9edcdd9e722f"},"headline":"BIENVENIDA A NUESTRA REINA","datePublished":"2020-11-19T20:25:13+00:00","dateModified":"2020-11-19T20:25:33+00:00","mainEntityOfPage":{"@id":"https:\/\/gadgualaquiza.gob.ec\/web\/2020\/11\/19\/bienvenida-a-nuestra-reina\/"},"wordCount":116,"commentCount":0,"publisher":{"@id":"https:\/\/gadgualaquiza.gob.ec\/web\/#organization"},"image":{"@id":"https:\/\/gadgualaquiza.gob.ec\/web\/2020\/11\/19\/bienvenida-a-nuestra-reina\/#primaryimage"},"thumbnailUrl":"https:\/\/gadgualaquiza.gob.ec\/web\/wp-content\/uploads\/2020\/11\/BIENVENIDA.jpg","articleSection":["COMUNIDAD","NOTICIAS RECIENTES"],"inLanguage":"es","potentialAction":[{"@type":"CommentAction","name":"Comment","target":["https:\/\/gadgualaquiza.gob.ec\/web\/2020\/11\/19\/bienvenida-a-nuestra-reina\/#respond"]}]},{"@type":"WebPage","@id":"https:\/\/gadgualaquiza.gob.ec\/web\/2020\/11\/19\/bienvenida-a-nuestra-reina\/","url":"https:\/\/gadgualaquiza.gob.ec\/web\/2020\/11\/19\/bienvenida-a-nuestra-reina\/","name":"BIENVENIDA A NUESTRA REINA | Gad Municipal de Gualaquiza","isPartOf":{"@id":"https:\/\/gadgualaquiza.gob.ec\/web\/#website"},"primaryImageOfPage":{"@id":"https:\/\/gadgualaquiza.gob.ec\/web\/2020\/11\/19\/bienvenida-a-nuestra-reina\/#primaryimage"},"image":{"@id":"https:\/\/gadgualaquiza.gob.ec\/web\/2020\/11\/19\/bienvenida-a-nuestra-reina\/#primaryimage"},"thumbnailUrl":"https:\/\/gadgualaquiza.gob.ec\/web\/wp-content\/uploads\/2020\/11\/BIENVENIDA.jpg","datePublished":"2020-11-19T20:25:13+00:00","dateModified":"2020-11-19T20:25:33+00:00","breadcrumb":{"@id":"https:\/\/gadgualaquiza.gob.ec\/web\/2020\/11\/19\/bienvenida-a-nuestra-reina\/#breadcrumb"},"inLanguage":"es","potentialAction":[{"@type":"ReadAction","target":["https:\/\/gadgualaquiza.gob.ec\/web\/2020\/11\/19\/bienvenida-a-nuestra-reina\/"]}]},{"@type":"ImageObject","inLanguage":"es","@id":"https:\/\/gadgualaquiza.gob.ec\/web\/2020\/11\/19\/bienvenida-a-nuestra-reina\/#primaryimage","url":"https:\/\/gadgualaquiza.gob.ec\/web\/wp-content\/uploads\/2020\/11\/BIENVENIDA.jpg","contentUrl":"https:\/\/gadgualaquiza.gob.ec\/web\/wp-content\/uploads\/2020\/11\/BIENVENIDA.jpg","width":960,"height":605},{"@type":"BreadcrumbList","@id":"https:\/\/gadgualaquiza.gob.ec\/web\/2020\/11\/19\/bienvenida-a-nuestra-reina\/#breadcrumb","itemListElement":[{"@type":"ListItem","position":1,"name":"Portada","item":"https:\/\/gadgualaquiza.gob.ec\/web\/"},{"@type":"ListItem","position":2,"name":"BIENVENIDA A NUESTRA REINA"}]},{"@type":"WebSite","@id":"https:\/\/gadgualaquiza.gob.ec\/web\/#website","url":"https:\/\/gadgualaquiza.gob.ec\/web\/","name":"Gad Municipal de Gualaquiza","description":"Gualaquiza tiene futuro","publisher":{"@id":"https:\/\/gadgualaquiza.gob.ec\/web\/#organization"},"potentialAction":[{"@type":"SearchAction","target":{"@type":"EntryPoint","urlTemplate":"https:\/\/gadgualaquiza.gob.ec\/web\/?s={search_term_string}"},"query-input":"required name=search_term_string"}],"inLanguage":"es"},{"@type":"Organization","@id":"https:\/\/gadgualaquiza.gob.ec\/web\/#organization","name":"GAD Municipal de Gualaquiza","url":"https:\/\/gadgualaquiza.gob.ec\/web\/","logo":{"@type":"ImageObject","inLanguage":"es","@id":"https:\/\/gadgualaquiza.gob.ec\/web\/#\/schema\/logo\/image\/","url":"https:\/\/gadgualaquiza.gob.ec\/web\/wp-content\/uploads\/2018\/03\/logo.png","contentUrl":"https:\/\/gadgualaquiza.gob.ec\/web\/wp-content\/uploads\/2018\/03\/logo.png","width":378,"height":168,"caption":"GAD Municipal de Gualaquiza"},"image":{"@id":"https:\/\/gadgualaquiza.gob.ec\/web\/#\/schema\/logo\/image\/"},"sameAs":["https:\/\/www.facebook.com\/GADMGualaquiza\/","https:\/\/twitter.com\/gadgualaquiza","https:\/\/www.youtube.com\/channel\/UCevG9dVTc47am3Z-S4sgeRg\/videos?disable_polymer=1"]},{"@type":"Person","@id":"https:\/\/gadgualaquiza.gob.ec\/web\/#\/schema\/person\/aa08bcd7909c6672766f9edcdd9e722f","name":"Fernando Pesantez","image":{"@type":"ImageObject","inLanguage":"es","@id":"https:\/\/gadgualaquiza.gob.ec\/web\/#\/schema\/person\/image\/","url":"https:\/\/secure.gravatar.com\/avatar\/efb8a6cdb2ab57ff97c950283b2ffe44?s=96&d=mm&r=g","contentUrl":"https:\/\/secure.gravatar.com\/avatar\/efb8a6cdb2ab57ff97c950283b2ffe44?s=96&d=mm&r=g","caption":"Fernando Pesantez"},"sameAs":["http:\/\/www.gadgualaquiza.gob.ec"],"url":"https:\/\/gadgualaquiza.gob.ec\/web\/author\/fpesantez\/"}]}},"_links":{"self":[{"href":"https:\/\/gadgualaquiza.gob.ec\/web\/wp-json\/wp\/v2\/posts\/9984"}],"collection":[{"href":"https:\/\/gadgualaquiza.gob.ec\/web\/wp-json\/wp\/v2\/posts"}],"about":[{"href":"https:\/\/gadgualaquiza.gob.ec\/web\/wp-json\/wp\/v2\/types\/post"}],"author":[{"embeddable":true,"href":"https:\/\/gadgualaquiza.gob.ec\/web\/wp-json\/wp\/v2\/users\/2"}],"replies":[{"embeddable":true,"href":"https:\/\/gadgualaquiza.gob.ec\/web\/wp-json\/wp\/v2\/comments?post=9984"}],"version-history":[{"count":2,"href":"https:\/\/gadgualaquiza.gob.ec\/web\/wp-json\/wp\/v2\/posts\/9984\/revisions"}],"predecessor-version":[{"id":9987,"href":"https:\/\/gadgualaquiza.gob.ec\/web\/wp-json\/wp\/v2\/posts\/9984\/revisions\/9987"}],"wp:featuredmedia":[{"embeddable":true,"href":"https:\/\/gadgualaquiza.gob.ec\/web\/wp-json\/wp\/v2\/media\/9985"}],"wp:attachment":[{"href":"https:\/\/gadgualaquiza.gob.ec\/web\/wp-json\/wp\/v2\/media?parent=9984"}],"wp:term":[{"taxonomy":"category","embeddable":true,"href":"https:\/\/gadgualaquiza.gob.ec\/web\/wp-json\/wp\/v2\/categories?post=9984"},{"taxonomy":"post_tag","embeddable":true,"href":"https:\/\/gadgualaquiza.gob.ec\/web\/wp-json\/wp\/v2\/tags?post=9984"}],"curies":[{"name":"wp","href":"https:\/\/api.w.org\/{rel}","templated":true}]}}