{"id":8365,"date":"2019-11-19T12:26:24","date_gmt":"2019-11-19T17:26:24","guid":{"rendered":"https:\/\/gadgualaquiza.gob.ec\/web\/?p=8365"},"modified":"2019-11-19T12:26:25","modified_gmt":"2019-11-19T17:26:25","slug":"yo-educando-sembrando-vida","status":"publish","type":"post","link":"https:\/\/gadgualaquiza.gob.ec\/web\/2019\/11\/19\/yo-educando-sembrando-vida\/","title":{"rendered":"YO EDUCANDO SEMBRANDO VIDA"},"content":{"rendered":"\n<p>La ma\u00f1ana de hoy viernes 15 de noviembre, t\u00e9cnicos del GAD Municipal de Gualaquiza junto con personal del Ministerio del Ambiente, Distrito de Educaci\u00f3n, GAD Provincial de Morona Santiago, docentes y alumnos del Colegio Camilo Gallegos Toledo, procedieron a sembrar aproximadamente 3000 plantas nativas entre Cedro, Guayac\u00e1n, Shaime y Caoba en la ribera de la microcuenca del r\u00edo San Francisco, esta reforestaci\u00f3n forma parte del proyecto educativo \u00abYo educo sembrando vida\u00bb<\/p>\n","protected":false},"excerpt":{"rendered":"<p>La ma\u00f1ana de hoy viernes 15 de noviembre, t\u00e9cnicos del<span class=\"excerpt-hellip\"> [\u2026]<\/span><\/p>\n","protected":false},"author":2,"featured_media":8366,"comment_status":"open","ping_status":"open","sticky":false,"template":"","format":"standard","meta":{"footnotes":""},"categories":[25,4,8],"tags":[],"yoast_head":"<!-- This site is optimized with the Yoast SEO Premium plugin v19.7 (Yoast SEO v22.4) - https:\/\/yoast.com\/wordpress\/plugins\/seo\/ -->\n<title>YO EDUCANDO SEMBRANDO VIDA | Gad Municipal de Gualaquiza<\/title>\n<meta name=\"robots\" content=\"index, follow, max-snippet:-1, max-image-preview:large, max-video-preview:-1\" \/>\n<link rel=\"canonical\" href=\"https:\/\/gadgualaquiza.gob.ec\/web\/2019\/11\/19\/yo-educando-sembrando-vida\/\" \/>\n<meta property=\"og:locale\" content=\"es_ES\" \/>\n<meta property=\"og:type\" content=\"article\" \/>\n<meta property=\"og:title\" content=\"YO EDUCANDO SEMBRANDO VIDA\" \/>\n<meta property=\"og:description\" content=\"La ma\u00f1ana de hoy viernes 15 de noviembre, t\u00e9cnicos del [\u2026]\" \/>\n<meta property=\"og:url\" content=\"https:\/\/gadgualaquiza.gob.ec\/web\/2019\/11\/19\/yo-educando-sembrando-vida\/\" \/>\n<meta property=\"og:site_name\" content=\"Gad Municipal de Gualaquiza\" \/>\n<meta property=\"article:publisher\" content=\"https:\/\/www.facebook.com\/GADMGualaquiza\/\" \/>\n<meta property=\"article:published_time\" content=\"2019-11-19T17:26:24+00:00\" \/>\n<meta property=\"article:modified_time\" content=\"2019-11-19T17:26:25+00:00\" \/>\n<meta property=\"og:image\" content=\"https:\/\/gadgualaquiza.gob.ec\/web\/wp-content\/uploads\/2019\/11\/SIEMBRA.jpg\" \/>\n\t<meta property=\"og:image:width\" content=\"1024\" \/>\n\t<meta property=\"og:image:height\" content=\"768\" \/>\n\t<meta property=\"og:image:type\" content=\"image\/jpeg\" \/>\n<meta name=\"author\" content=\"Fernando Pesantez\" \/>\n<meta name=\"twitter:card\" content=\"summary_large_image\" \/>\n<meta name=\"twitter:creator\" content=\"@gadgualaquiza\" \/>\n<meta name=\"twitter:site\" content=\"@gadgualaquiza\" \/>\n<meta name=\"twitter:label1\" content=\"Escrito por\" \/>\n\t<meta name=\"twitter:data1\" content=\"Fernando Pesantez\" \/>\n<script type=\"application\/ld+json\" class=\"yoast-schema-graph\">{\"@context\":\"https:\/\/schema.org\",\"@graph\":[{\"@type\":\"Article\",\"@id\":\"https:\/\/gadgualaquiza.gob.ec\/web\/2019\/11\/19\/yo-educando-sembrando-vida\/#article\",\"isPartOf\":{\"@id\":\"https:\/\/gadgualaquiza.gob.ec\/web\/2019\/11\/19\/yo-educando-sembrando-vida\/\"},\"author\":{\"name\":\"Fernando Pesantez\",\"@id\":\"https:\/\/gadgualaquiza.gob.ec\/web\/#\/schema\/person\/aa08bcd7909c6672766f9edcdd9e722f\"},\"headline\":\"YO EDUCANDO SEMBRANDO VIDA\",\"datePublished\":\"2019-11-19T17:26:24+00:00\",\"dateModified\":\"2019-11-19T17:26:25+00:00\",\"mainEntityOfPage\":{\"@id\":\"https:\/\/gadgualaquiza.gob.ec\/web\/2019\/11\/19\/yo-educando-sembrando-vida\/\"},\"wordCount\":79,\"commentCount\":0,\"publisher\":{\"@id\":\"https:\/\/gadgualaquiza.gob.ec\/web\/#organization\"},\"image\":{\"@id\":\"https:\/\/gadgualaquiza.gob.ec\/web\/2019\/11\/19\/yo-educando-sembrando-vida\/#primaryimage\"},\"thumbnailUrl\":\"https:\/\/gadgualaquiza.gob.ec\/web\/wp-content\/uploads\/2019\/11\/SIEMBRA.jpg\",\"articleSection\":[\"AMBIENTE\",\"EDUCACION\",\"NOTICIAS RECIENTES\"],\"inLanguage\":\"es\",\"potentialAction\":[{\"@type\":\"CommentAction\",\"name\":\"Comment\",\"target\":[\"https:\/\/gadgualaquiza.gob.ec\/web\/2019\/11\/19\/yo-educando-sembrando-vida\/#respond\"]}]},{\"@type\":\"WebPage\",\"@id\":\"https:\/\/gadgualaquiza.gob.ec\/web\/2019\/11\/19\/yo-educando-sembrando-vida\/\",\"url\":\"https:\/\/gadgualaquiza.gob.ec\/web\/2019\/11\/19\/yo-educando-sembrando-vida\/\",\"name\":\"YO EDUCANDO SEMBRANDO VIDA | Gad Municipal de Gualaquiza\",\"isPartOf\":{\"@id\":\"https:\/\/gadgualaquiza.gob.ec\/web\/#website\"},\"primaryImageOfPage\":{\"@id\":\"https:\/\/gadgualaquiza.gob.ec\/web\/2019\/11\/19\/yo-educando-sembrando-vida\/#primaryimage\"},\"image\":{\"@id\":\"https:\/\/gadgualaquiza.gob.ec\/web\/2019\/11\/19\/yo-educando-sembrando-vida\/#primaryimage\"},\"thumbnailUrl\":\"https:\/\/gadgualaquiza.gob.ec\/web\/wp-content\/uploads\/2019\/11\/SIEMBRA.jpg\",\"datePublished\":\"2019-11-19T17:26:24+00:00\",\"dateModified\":\"2019-11-19T17:26:25+00:00\",\"breadcrumb\":{\"@id\":\"https:\/\/gadgualaquiza.gob.ec\/web\/2019\/11\/19\/yo-educando-sembrando-vida\/#breadcrumb\"},\"inLanguage\":\"es\",\"potentialAction\":[{\"@type\":\"ReadAction\",\"target\":[\"https:\/\/gadgualaquiza.gob.ec\/web\/2019\/11\/19\/yo-educando-sembrando-vida\/\"]}]},{\"@type\":\"ImageObject\",\"inLanguage\":\"es\",\"@id\":\"https:\/\/gadgualaquiza.gob.ec\/web\/2019\/11\/19\/yo-educando-sembrando-vida\/#primaryimage\",\"url\":\"https:\/\/gadgualaquiza.gob.ec\/web\/wp-content\/uploads\/2019\/11\/SIEMBRA.jpg\",\"contentUrl\":\"https:\/\/gadgualaquiza.gob.ec\/web\/wp-content\/uploads\/2019\/11\/SIEMBRA.jpg\",\"width\":1024,\"height\":768},{\"@type\":\"BreadcrumbList\",\"@id\":\"https:\/\/gadgualaquiza.gob.ec\/web\/2019\/11\/19\/yo-educando-sembrando-vida\/#breadcrumb\",\"itemListElement\":[{\"@type\":\"ListItem\",\"position\":1,\"name\":\"Portada\",\"item\":\"https:\/\/gadgualaquiza.gob.ec\/web\/\"},{\"@type\":\"ListItem\",\"position\":2,\"name\":\"YO EDUCANDO SEMBRANDO VIDA\"}]},{\"@type\":\"WebSite\",\"@id\":\"https:\/\/gadgualaquiza.gob.ec\/web\/#website\",\"url\":\"https:\/\/gadgualaquiza.gob.ec\/web\/\",\"name\":\"Gad Municipal de Gualaquiza\",\"description\":\"Gualaquiza tiene futuro\",\"publisher\":{\"@id\":\"https:\/\/gadgualaquiza.gob.ec\/web\/#organization\"},\"potentialAction\":[{\"@type\":\"SearchAction\",\"target\":{\"@type\":\"EntryPoint\",\"urlTemplate\":\"https:\/\/gadgualaquiza.gob.ec\/web\/?s={search_term_string}\"},\"query-input\":\"required name=search_term_string\"}],\"inLanguage\":\"es\"},{\"@type\":\"Organization\",\"@id\":\"https:\/\/gadgualaquiza.gob.ec\/web\/#organization\",\"name\":\"GAD Municipal de Gualaquiza\",\"url\":\"https:\/\/gadgualaquiza.gob.ec\/web\/\",\"logo\":{\"@type\":\"ImageObject\",\"inLanguage\":\"es\",\"@id\":\"https:\/\/gadgualaquiza.gob.ec\/web\/#\/schema\/logo\/image\/\",\"url\":\"https:\/\/gadgualaquiza.gob.ec\/web\/wp-content\/uploads\/2018\/03\/logo.png\",\"contentUrl\":\"https:\/\/gadgualaquiza.gob.ec\/web\/wp-content\/uploads\/2018\/03\/logo.png\",\"width\":378,\"height\":168,\"caption\":\"GAD Municipal de Gualaquiza\"},\"image\":{\"@id\":\"https:\/\/gadgualaquiza.gob.ec\/web\/#\/schema\/logo\/image\/\"},\"sameAs\":[\"https:\/\/www.facebook.com\/GADMGualaquiza\/\",\"https:\/\/twitter.com\/gadgualaquiza\",\"https:\/\/www.youtube.com\/channel\/UCevG9dVTc47am3Z-S4sgeRg\/videos?disable_polymer=1\"]},{\"@type\":\"Person\",\"@id\":\"https:\/\/gadgualaquiza.gob.ec\/web\/#\/schema\/person\/aa08bcd7909c6672766f9edcdd9e722f\",\"name\":\"Fernando Pesantez\",\"image\":{\"@type\":\"ImageObject\",\"inLanguage\":\"es\",\"@id\":\"https:\/\/gadgualaquiza.gob.ec\/web\/#\/schema\/person\/image\/\",\"url\":\"https:\/\/secure.gravatar.com\/avatar\/efb8a6cdb2ab57ff97c950283b2ffe44?s=96&d=mm&r=g\",\"contentUrl\":\"https:\/\/secure.gravatar.com\/avatar\/efb8a6cdb2ab57ff97c950283b2ffe44?s=96&d=mm&r=g\",\"caption\":\"Fernando Pesantez\"},\"sameAs\":[\"http:\/\/www.gadgualaquiza.gob.ec\"],\"url\":\"https:\/\/gadgualaquiza.gob.ec\/web\/author\/fpesantez\/\"}]}<\/script>\n<!-- \/ Yoast SEO Premium plugin. -->","yoast_head_json":{"title":"YO EDUCANDO SEMBRANDO VIDA | Gad Municipal de Gualaquiza","robots":{"index":"index","follow":"follow","max-snippet":"max-snippet:-1","max-image-preview":"max-image-preview:large","max-video-preview":"max-video-preview:-1"},"canonical":"https:\/\/gadgualaquiza.gob.ec\/web\/2019\/11\/19\/yo-educando-sembrando-vida\/","og_locale":"es_ES","og_type":"article","og_title":"YO EDUCANDO SEMBRANDO VIDA","og_description":"La ma\u00f1ana de hoy viernes 15 de noviembre, t\u00e9cnicos del [\u2026]","og_url":"https:\/\/gadgualaquiza.gob.ec\/web\/2019\/11\/19\/yo-educando-sembrando-vida\/","og_site_name":"Gad Municipal de Gualaquiza","article_publisher":"https:\/\/www.facebook.com\/GADMGualaquiza\/","article_published_time":"2019-11-19T17:26:24+00:00","article_modified_time":"2019-11-19T17:26:25+00:00","og_image":[{"width":1024,"height":768,"url":"https:\/\/gadgualaquiza.gob.ec\/web\/wp-content\/uploads\/2019\/11\/SIEMBRA.jpg","type":"image\/jpeg"}],"author":"Fernando Pesantez","twitter_card":"summary_large_image","twitter_creator":"@gadgualaquiza","twitter_site":"@gadgualaquiza","twitter_misc":{"Escrito por":"Fernando Pesantez"},"schema":{"@context":"https:\/\/schema.org","@graph":[{"@type":"Article","@id":"https:\/\/gadgualaquiza.gob.ec\/web\/2019\/11\/19\/yo-educando-sembrando-vida\/#article","isPartOf":{"@id":"https:\/\/gadgualaquiza.gob.ec\/web\/2019\/11\/19\/yo-educando-sembrando-vida\/"},"author":{"name":"Fernando Pesantez","@id":"https:\/\/gadgualaquiza.gob.ec\/web\/#\/schema\/person\/aa08bcd7909c6672766f9edcdd9e722f"},"headline":"YO EDUCANDO SEMBRANDO VIDA","datePublished":"2019-11-19T17:26:24+00:00","dateModified":"2019-11-19T17:26:25+00:00","mainEntityOfPage":{"@id":"https:\/\/gadgualaquiza.gob.ec\/web\/2019\/11\/19\/yo-educando-sembrando-vida\/"},"wordCount":79,"commentCount":0,"publisher":{"@id":"https:\/\/gadgualaquiza.gob.ec\/web\/#organization"},"image":{"@id":"https:\/\/gadgualaquiza.gob.ec\/web\/2019\/11\/19\/yo-educando-sembrando-vida\/#primaryimage"},"thumbnailUrl":"https:\/\/gadgualaquiza.gob.ec\/web\/wp-content\/uploads\/2019\/11\/SIEMBRA.jpg","articleSection":["AMBIENTE","EDUCACION","NOTICIAS RECIENTES"],"inLanguage":"es","potentialAction":[{"@type":"CommentAction","name":"Comment","target":["https:\/\/gadgualaquiza.gob.ec\/web\/2019\/11\/19\/yo-educando-sembrando-vida\/#respond"]}]},{"@type":"WebPage","@id":"https:\/\/gadgualaquiza.gob.ec\/web\/2019\/11\/19\/yo-educando-sembrando-vida\/","url":"https:\/\/gadgualaquiza.gob.ec\/web\/2019\/11\/19\/yo-educando-sembrando-vida\/","name":"YO EDUCANDO SEMBRANDO VIDA | Gad Municipal de Gualaquiza","isPartOf":{"@id":"https:\/\/gadgualaquiza.gob.ec\/web\/#website"},"primaryImageOfPage":{"@id":"https:\/\/gadgualaquiza.gob.ec\/web\/2019\/11\/19\/yo-educando-sembrando-vida\/#primaryimage"},"image":{"@id":"https:\/\/gadgualaquiza.gob.ec\/web\/2019\/11\/19\/yo-educando-sembrando-vida\/#primaryimage"},"thumbnailUrl":"https:\/\/gadgualaquiza.gob.ec\/web\/wp-content\/uploads\/2019\/11\/SIEMBRA.jpg","datePublished":"2019-11-19T17:26:24+00:00","dateModified":"2019-11-19T17:26:25+00:00","breadcrumb":{"@id":"https:\/\/gadgualaquiza.gob.ec\/web\/2019\/11\/19\/yo-educando-sembrando-vida\/#breadcrumb"},"inLanguage":"es","potentialAction":[{"@type":"ReadAction","target":["https:\/\/gadgualaquiza.gob.ec\/web\/2019\/11\/19\/yo-educando-sembrando-vida\/"]}]},{"@type":"ImageObject","inLanguage":"es","@id":"https:\/\/gadgualaquiza.gob.ec\/web\/2019\/11\/19\/yo-educando-sembrando-vida\/#primaryimage","url":"https:\/\/gadgualaquiza.gob.ec\/web\/wp-content\/uploads\/2019\/11\/SIEMBRA.jpg","contentUrl":"https:\/\/gadgualaquiza.gob.ec\/web\/wp-content\/uploads\/2019\/11\/SIEMBRA.jpg","width":1024,"height":768},{"@type":"BreadcrumbList","@id":"https:\/\/gadgualaquiza.gob.ec\/web\/2019\/11\/19\/yo-educando-sembrando-vida\/#breadcrumb","itemListElement":[{"@type":"ListItem","position":1,"name":"Portada","item":"https:\/\/gadgualaquiza.gob.ec\/web\/"},{"@type":"ListItem","position":2,"name":"YO EDUCANDO SEMBRANDO VIDA"}]},{"@type":"WebSite","@id":"https:\/\/gadgualaquiza.gob.ec\/web\/#website","url":"https:\/\/gadgualaquiza.gob.ec\/web\/","name":"Gad Municipal de Gualaquiza","description":"Gualaquiza tiene futuro","publisher":{"@id":"https:\/\/gadgualaquiza.gob.ec\/web\/#organization"},"potentialAction":[{"@type":"SearchAction","target":{"@type":"EntryPoint","urlTemplate":"https:\/\/gadgualaquiza.gob.ec\/web\/?s={search_term_string}"},"query-input":"required name=search_term_string"}],"inLanguage":"es"},{"@type":"Organization","@id":"https:\/\/gadgualaquiza.gob.ec\/web\/#organization","name":"GAD Municipal de Gualaquiza","url":"https:\/\/gadgualaquiza.gob.ec\/web\/","logo":{"@type":"ImageObject","inLanguage":"es","@id":"https:\/\/gadgualaquiza.gob.ec\/web\/#\/schema\/logo\/image\/","url":"https:\/\/gadgualaquiza.gob.ec\/web\/wp-content\/uploads\/2018\/03\/logo.png","contentUrl":"https:\/\/gadgualaquiza.gob.ec\/web\/wp-content\/uploads\/2018\/03\/logo.png","width":378,"height":168,"caption":"GAD Municipal de Gualaquiza"},"image":{"@id":"https:\/\/gadgualaquiza.gob.ec\/web\/#\/schema\/logo\/image\/"},"sameAs":["https:\/\/www.facebook.com\/GADMGualaquiza\/","https:\/\/twitter.com\/gadgualaquiza","https:\/\/www.youtube.com\/channel\/UCevG9dVTc47am3Z-S4sgeRg\/videos?disable_polymer=1"]},{"@type":"Person","@id":"https:\/\/gadgualaquiza.gob.ec\/web\/#\/schema\/person\/aa08bcd7909c6672766f9edcdd9e722f","name":"Fernando Pesantez","image":{"@type":"ImageObject","inLanguage":"es","@id":"https:\/\/gadgualaquiza.gob.ec\/web\/#\/schema\/person\/image\/","url":"https:\/\/secure.gravatar.com\/avatar\/efb8a6cdb2ab57ff97c950283b2ffe44?s=96&d=mm&r=g","contentUrl":"https:\/\/secure.gravatar.com\/avatar\/efb8a6cdb2ab57ff97c950283b2ffe44?s=96&d=mm&r=g","caption":"Fernando Pesantez"},"sameAs":["http:\/\/www.gadgualaquiza.gob.ec"],"url":"https:\/\/gadgualaquiza.gob.ec\/web\/author\/fpesantez\/"}]}},"_links":{"self":[{"href":"https:\/\/gadgualaquiza.gob.ec\/web\/wp-json\/wp\/v2\/posts\/8365"}],"collection":[{"href":"https:\/\/gadgualaquiza.gob.ec\/web\/wp-json\/wp\/v2\/posts"}],"about":[{"href":"https:\/\/gadgualaquiza.gob.ec\/web\/wp-json\/wp\/v2\/types\/post"}],"author":[{"embeddable":true,"href":"https:\/\/gadgualaquiza.gob.ec\/web\/wp-json\/wp\/v2\/users\/2"}],"replies":[{"embeddable":true,"href":"https:\/\/gadgualaquiza.gob.ec\/web\/wp-json\/wp\/v2\/comments?post=8365"}],"version-history":[{"count":1,"href":"https:\/\/gadgualaquiza.gob.ec\/web\/wp-json\/wp\/v2\/posts\/8365\/revisions"}],"predecessor-version":[{"id":8367,"href":"https:\/\/gadgualaquiza.gob.ec\/web\/wp-json\/wp\/v2\/posts\/8365\/revisions\/8367"}],"wp:featuredmedia":[{"embeddable":true,"href":"https:\/\/gadgualaquiza.gob.ec\/web\/wp-json\/wp\/v2\/media\/8366"}],"wp:attachment":[{"href":"https:\/\/gadgualaquiza.gob.ec\/web\/wp-json\/wp\/v2\/media?parent=8365"}],"wp:term":[{"taxonomy":"category","embeddable":true,"href":"https:\/\/gadgualaquiza.gob.ec\/web\/wp-json\/wp\/v2\/categories?post=8365"},{"taxonomy":"post_tag","embeddable":true,"href":"https:\/\/gadgualaquiza.gob.ec\/web\/wp-json\/wp\/v2\/tags?post=8365"}],"curies":[{"name":"wp","href":"https:\/\/api.w.org\/{rel}","templated":true}]}}