{"id":7296,"date":"2019-04-25T15:50:22","date_gmt":"2019-04-25T20:50:22","guid":{"rendered":"https:\/\/gadgualaquiza.gob.ec\/web\/?p=7296"},"modified":"2019-04-25T15:50:22","modified_gmt":"2019-04-25T20:50:22","slug":"se-analiza-ordenanza-para-declarar-a-gualaquiza-libre-de-mineria","status":"publish","type":"post","link":"https:\/\/gadgualaquiza.gob.ec\/web\/2019\/04\/25\/se-analiza-ordenanza-para-declarar-a-gualaquiza-libre-de-mineria\/","title":{"rendered":"SE ANALIZA ORDENANZA PARA DECLARAR A GUALAQUIZA LIBRE DE MINER\u00cdA"},"content":{"rendered":"<p>El Concejo del Municipal de Gualaquiza, este jueves 25 de abril en el leg\u00edtimo derecho de participaci\u00f3n ciudadana durante la sesi\u00f3n ordinaria, recibi\u00f3 al Colectivo Vida, en donde se trat\u00f3 en primer debate de la Ordenanza que declara al cant\u00f3n Gualaquiza libre de Miner\u00eda Met\u00e1lica, No Met\u00e1lica no regulada y de cantera (Caliza), presentada por el colectivo en menci\u00f3n, d\u00edas atr\u00e1s.<\/p>\n<p>Durante la sesi\u00f3n miembros del colectivo \u00a0presentaron sus sugerencias y recomendaciones para que en un pr\u00f3ximo y segundo y definitivo debate sea aprobada. Por parte del Ing. Patricio \u00c1vila Alcalde de Gualaquiza y Concejales manifestaron todo el apoyo a fin de preservar los recursos naturales del cant\u00f3n.<\/p>\n<p>Cabe informar que para este s\u00e1bado 27 de abril, el Colectivo Vida con el apoyo de la Municipalidad ubicar\u00e1 una carpa en el Centro Comercial Popular \u00a0con el objetivo de recolectar firmas de respaldo a \u00e9sta Ordenanza.<\/p>\n","protected":false},"excerpt":{"rendered":"<p>El Concejo del Municipal de Gualaquiza, este jueves 25 de<span class=\"excerpt-hellip\"> [\u2026]<\/span><\/p>\n","protected":false},"author":4,"featured_media":7297,"comment_status":"open","ping_status":"open","sticky":false,"template":"","format":"standard","meta":{"footnotes":""},"categories":[8],"tags":[],"yoast_head":"<!-- This site is optimized with the Yoast SEO Premium plugin v19.7 (Yoast SEO v22.4) - https:\/\/yoast.com\/wordpress\/plugins\/seo\/ -->\n<title>SE ANALIZA ORDENANZA PARA DECLARAR A GUALAQUIZA LIBRE DE MINER\u00cdA | Gad Municipal de Gualaquiza<\/title>\n<meta name=\"robots\" content=\"index, follow, max-snippet:-1, max-image-preview:large, max-video-preview:-1\" \/>\n<link rel=\"canonical\" href=\"https:\/\/gadgualaquiza.gob.ec\/web\/2019\/04\/25\/se-analiza-ordenanza-para-declarar-a-gualaquiza-libre-de-mineria\/\" \/>\n<meta property=\"og:locale\" content=\"es_ES\" \/>\n<meta property=\"og:type\" content=\"article\" \/>\n<meta property=\"og:title\" content=\"SE ANALIZA ORDENANZA PARA DECLARAR A GUALAQUIZA LIBRE DE MINER\u00cdA\" \/>\n<meta property=\"og:description\" content=\"El Concejo del Municipal de Gualaquiza, este jueves 25 de [\u2026]\" \/>\n<meta property=\"og:url\" content=\"https:\/\/gadgualaquiza.gob.ec\/web\/2019\/04\/25\/se-analiza-ordenanza-para-declarar-a-gualaquiza-libre-de-mineria\/\" \/>\n<meta property=\"og:site_name\" content=\"Gad Municipal de Gualaquiza\" \/>\n<meta property=\"article:publisher\" content=\"https:\/\/www.facebook.com\/GADMGualaquiza\/\" \/>\n<meta property=\"article:published_time\" content=\"2019-04-25T20:50:22+00:00\" \/>\n<meta property=\"og:image\" content=\"https:\/\/gadgualaquiza.gob.ec\/web\/wp-content\/uploads\/2019\/04\/DSC_8309.jpg\" \/>\n\t<meta property=\"og:image:width\" content=\"1024\" \/>\n\t<meta property=\"og:image:height\" content=\"683\" \/>\n\t<meta property=\"og:image:type\" content=\"image\/jpeg\" \/>\n<meta name=\"author\" content=\"Lupita Pacheco\" \/>\n<meta name=\"twitter:card\" content=\"summary_large_image\" \/>\n<meta name=\"twitter:creator\" content=\"@gadgualaquiza\" \/>\n<meta name=\"twitter:site\" content=\"@gadgualaquiza\" \/>\n<meta name=\"twitter:label1\" content=\"Escrito por\" \/>\n\t<meta name=\"twitter:data1\" content=\"Lupita Pacheco\" \/>\n\t<meta name=\"twitter:label2\" content=\"Tiempo de lectura\" \/>\n\t<meta name=\"twitter:data2\" content=\"1 minuto\" \/>\n<script type=\"application\/ld+json\" class=\"yoast-schema-graph\">{\"@context\":\"https:\/\/schema.org\",\"@graph\":[{\"@type\":\"Article\",\"@id\":\"https:\/\/gadgualaquiza.gob.ec\/web\/2019\/04\/25\/se-analiza-ordenanza-para-declarar-a-gualaquiza-libre-de-mineria\/#article\",\"isPartOf\":{\"@id\":\"https:\/\/gadgualaquiza.gob.ec\/web\/2019\/04\/25\/se-analiza-ordenanza-para-declarar-a-gualaquiza-libre-de-mineria\/\"},\"author\":{\"name\":\"Lupita Pacheco\",\"@id\":\"https:\/\/gadgualaquiza.gob.ec\/web\/#\/schema\/person\/ee79e08a9c666dc4ae9143d95c44b654\"},\"headline\":\"SE ANALIZA ORDENANZA PARA DECLARAR A GUALAQUIZA LIBRE DE MINER\u00cdA\",\"datePublished\":\"2019-04-25T20:50:22+00:00\",\"dateModified\":\"2019-04-25T20:50:22+00:00\",\"mainEntityOfPage\":{\"@id\":\"https:\/\/gadgualaquiza.gob.ec\/web\/2019\/04\/25\/se-analiza-ordenanza-para-declarar-a-gualaquiza-libre-de-mineria\/\"},\"wordCount\":168,\"commentCount\":0,\"publisher\":{\"@id\":\"https:\/\/gadgualaquiza.gob.ec\/web\/#organization\"},\"image\":{\"@id\":\"https:\/\/gadgualaquiza.gob.ec\/web\/2019\/04\/25\/se-analiza-ordenanza-para-declarar-a-gualaquiza-libre-de-mineria\/#primaryimage\"},\"thumbnailUrl\":\"https:\/\/gadgualaquiza.gob.ec\/web\/wp-content\/uploads\/2019\/04\/DSC_8309.jpg\",\"articleSection\":[\"NOTICIAS RECIENTES\"],\"inLanguage\":\"es\",\"potentialAction\":[{\"@type\":\"CommentAction\",\"name\":\"Comment\",\"target\":[\"https:\/\/gadgualaquiza.gob.ec\/web\/2019\/04\/25\/se-analiza-ordenanza-para-declarar-a-gualaquiza-libre-de-mineria\/#respond\"]}]},{\"@type\":\"WebPage\",\"@id\":\"https:\/\/gadgualaquiza.gob.ec\/web\/2019\/04\/25\/se-analiza-ordenanza-para-declarar-a-gualaquiza-libre-de-mineria\/\",\"url\":\"https:\/\/gadgualaquiza.gob.ec\/web\/2019\/04\/25\/se-analiza-ordenanza-para-declarar-a-gualaquiza-libre-de-mineria\/\",\"name\":\"SE ANALIZA ORDENANZA PARA DECLARAR A GUALAQUIZA LIBRE DE MINER\u00cdA | Gad Municipal de Gualaquiza\",\"isPartOf\":{\"@id\":\"https:\/\/gadgualaquiza.gob.ec\/web\/#website\"},\"primaryImageOfPage\":{\"@id\":\"https:\/\/gadgualaquiza.gob.ec\/web\/2019\/04\/25\/se-analiza-ordenanza-para-declarar-a-gualaquiza-libre-de-mineria\/#primaryimage\"},\"image\":{\"@id\":\"https:\/\/gadgualaquiza.gob.ec\/web\/2019\/04\/25\/se-analiza-ordenanza-para-declarar-a-gualaquiza-libre-de-mineria\/#primaryimage\"},\"thumbnailUrl\":\"https:\/\/gadgualaquiza.gob.ec\/web\/wp-content\/uploads\/2019\/04\/DSC_8309.jpg\",\"datePublished\":\"2019-04-25T20:50:22+00:00\",\"dateModified\":\"2019-04-25T20:50:22+00:00\",\"breadcrumb\":{\"@id\":\"https:\/\/gadgualaquiza.gob.ec\/web\/2019\/04\/25\/se-analiza-ordenanza-para-declarar-a-gualaquiza-libre-de-mineria\/#breadcrumb\"},\"inLanguage\":\"es\",\"potentialAction\":[{\"@type\":\"ReadAction\",\"target\":[\"https:\/\/gadgualaquiza.gob.ec\/web\/2019\/04\/25\/se-analiza-ordenanza-para-declarar-a-gualaquiza-libre-de-mineria\/\"]}]},{\"@type\":\"ImageObject\",\"inLanguage\":\"es\",\"@id\":\"https:\/\/gadgualaquiza.gob.ec\/web\/2019\/04\/25\/se-analiza-ordenanza-para-declarar-a-gualaquiza-libre-de-mineria\/#primaryimage\",\"url\":\"https:\/\/gadgualaquiza.gob.ec\/web\/wp-content\/uploads\/2019\/04\/DSC_8309.jpg\",\"contentUrl\":\"https:\/\/gadgualaquiza.gob.ec\/web\/wp-content\/uploads\/2019\/04\/DSC_8309.jpg\",\"width\":1024,\"height\":683},{\"@type\":\"BreadcrumbList\",\"@id\":\"https:\/\/gadgualaquiza.gob.ec\/web\/2019\/04\/25\/se-analiza-ordenanza-para-declarar-a-gualaquiza-libre-de-mineria\/#breadcrumb\",\"itemListElement\":[{\"@type\":\"ListItem\",\"position\":1,\"name\":\"Portada\",\"item\":\"https:\/\/gadgualaquiza.gob.ec\/web\/\"},{\"@type\":\"ListItem\",\"position\":2,\"name\":\"SE ANALIZA ORDENANZA PARA DECLARAR A GUALAQUIZA LIBRE DE MINER\u00cdA\"}]},{\"@type\":\"WebSite\",\"@id\":\"https:\/\/gadgualaquiza.gob.ec\/web\/#website\",\"url\":\"https:\/\/gadgualaquiza.gob.ec\/web\/\",\"name\":\"Gad Municipal de Gualaquiza\",\"description\":\"Gualaquiza tiene futuro\",\"publisher\":{\"@id\":\"https:\/\/gadgualaquiza.gob.ec\/web\/#organization\"},\"potentialAction\":[{\"@type\":\"SearchAction\",\"target\":{\"@type\":\"EntryPoint\",\"urlTemplate\":\"https:\/\/gadgualaquiza.gob.ec\/web\/?s={search_term_string}\"},\"query-input\":\"required name=search_term_string\"}],\"inLanguage\":\"es\"},{\"@type\":\"Organization\",\"@id\":\"https:\/\/gadgualaquiza.gob.ec\/web\/#organization\",\"name\":\"GAD Municipal de Gualaquiza\",\"url\":\"https:\/\/gadgualaquiza.gob.ec\/web\/\",\"logo\":{\"@type\":\"ImageObject\",\"inLanguage\":\"es\",\"@id\":\"https:\/\/gadgualaquiza.gob.ec\/web\/#\/schema\/logo\/image\/\",\"url\":\"https:\/\/gadgualaquiza.gob.ec\/web\/wp-content\/uploads\/2018\/03\/logo.png\",\"contentUrl\":\"https:\/\/gadgualaquiza.gob.ec\/web\/wp-content\/uploads\/2018\/03\/logo.png\",\"width\":378,\"height\":168,\"caption\":\"GAD Municipal de Gualaquiza\"},\"image\":{\"@id\":\"https:\/\/gadgualaquiza.gob.ec\/web\/#\/schema\/logo\/image\/\"},\"sameAs\":[\"https:\/\/www.facebook.com\/GADMGualaquiza\/\",\"https:\/\/twitter.com\/gadgualaquiza\",\"https:\/\/www.youtube.com\/channel\/UCevG9dVTc47am3Z-S4sgeRg\/videos?disable_polymer=1\"]},{\"@type\":\"Person\",\"@id\":\"https:\/\/gadgualaquiza.gob.ec\/web\/#\/schema\/person\/ee79e08a9c666dc4ae9143d95c44b654\",\"name\":\"Lupita Pacheco\",\"image\":{\"@type\":\"ImageObject\",\"inLanguage\":\"es\",\"@id\":\"https:\/\/gadgualaquiza.gob.ec\/web\/#\/schema\/person\/image\/\",\"url\":\"https:\/\/secure.gravatar.com\/avatar\/d893611775c88afa8ca711c66cd768ad?s=96&d=mm&r=g\",\"contentUrl\":\"https:\/\/secure.gravatar.com\/avatar\/d893611775c88afa8ca711c66cd768ad?s=96&d=mm&r=g\",\"caption\":\"Lupita Pacheco\"},\"sameAs\":[\"http:\/\/www.gadgualaquiza.gob.ec\"],\"url\":\"https:\/\/gadgualaquiza.gob.ec\/web\/author\/lpacheco\/\"}]}<\/script>\n<!-- \/ Yoast SEO Premium plugin. -->","yoast_head_json":{"title":"SE ANALIZA ORDENANZA PARA DECLARAR A GUALAQUIZA LIBRE DE MINER\u00cdA | Gad Municipal de Gualaquiza","robots":{"index":"index","follow":"follow","max-snippet":"max-snippet:-1","max-image-preview":"max-image-preview:large","max-video-preview":"max-video-preview:-1"},"canonical":"https:\/\/gadgualaquiza.gob.ec\/web\/2019\/04\/25\/se-analiza-ordenanza-para-declarar-a-gualaquiza-libre-de-mineria\/","og_locale":"es_ES","og_type":"article","og_title":"SE ANALIZA ORDENANZA PARA DECLARAR A GUALAQUIZA LIBRE DE MINER\u00cdA","og_description":"El Concejo del Municipal de Gualaquiza, este jueves 25 de [\u2026]","og_url":"https:\/\/gadgualaquiza.gob.ec\/web\/2019\/04\/25\/se-analiza-ordenanza-para-declarar-a-gualaquiza-libre-de-mineria\/","og_site_name":"Gad Municipal de Gualaquiza","article_publisher":"https:\/\/www.facebook.com\/GADMGualaquiza\/","article_published_time":"2019-04-25T20:50:22+00:00","og_image":[{"width":1024,"height":683,"url":"https:\/\/gadgualaquiza.gob.ec\/web\/wp-content\/uploads\/2019\/04\/DSC_8309.jpg","type":"image\/jpeg"}],"author":"Lupita Pacheco","twitter_card":"summary_large_image","twitter_creator":"@gadgualaquiza","twitter_site":"@gadgualaquiza","twitter_misc":{"Escrito por":"Lupita Pacheco","Tiempo de lectura":"1 minuto"},"schema":{"@context":"https:\/\/schema.org","@graph":[{"@type":"Article","@id":"https:\/\/gadgualaquiza.gob.ec\/web\/2019\/04\/25\/se-analiza-ordenanza-para-declarar-a-gualaquiza-libre-de-mineria\/#article","isPartOf":{"@id":"https:\/\/gadgualaquiza.gob.ec\/web\/2019\/04\/25\/se-analiza-ordenanza-para-declarar-a-gualaquiza-libre-de-mineria\/"},"author":{"name":"Lupita Pacheco","@id":"https:\/\/gadgualaquiza.gob.ec\/web\/#\/schema\/person\/ee79e08a9c666dc4ae9143d95c44b654"},"headline":"SE ANALIZA ORDENANZA PARA DECLARAR A GUALAQUIZA LIBRE DE MINER\u00cdA","datePublished":"2019-04-25T20:50:22+00:00","dateModified":"2019-04-25T20:50:22+00:00","mainEntityOfPage":{"@id":"https:\/\/gadgualaquiza.gob.ec\/web\/2019\/04\/25\/se-analiza-ordenanza-para-declarar-a-gualaquiza-libre-de-mineria\/"},"wordCount":168,"commentCount":0,"publisher":{"@id":"https:\/\/gadgualaquiza.gob.ec\/web\/#organization"},"image":{"@id":"https:\/\/gadgualaquiza.gob.ec\/web\/2019\/04\/25\/se-analiza-ordenanza-para-declarar-a-gualaquiza-libre-de-mineria\/#primaryimage"},"thumbnailUrl":"https:\/\/gadgualaquiza.gob.ec\/web\/wp-content\/uploads\/2019\/04\/DSC_8309.jpg","articleSection":["NOTICIAS RECIENTES"],"inLanguage":"es","potentialAction":[{"@type":"CommentAction","name":"Comment","target":["https:\/\/gadgualaquiza.gob.ec\/web\/2019\/04\/25\/se-analiza-ordenanza-para-declarar-a-gualaquiza-libre-de-mineria\/#respond"]}]},{"@type":"WebPage","@id":"https:\/\/gadgualaquiza.gob.ec\/web\/2019\/04\/25\/se-analiza-ordenanza-para-declarar-a-gualaquiza-libre-de-mineria\/","url":"https:\/\/gadgualaquiza.gob.ec\/web\/2019\/04\/25\/se-analiza-ordenanza-para-declarar-a-gualaquiza-libre-de-mineria\/","name":"SE ANALIZA ORDENANZA PARA DECLARAR A GUALAQUIZA LIBRE DE MINER\u00cdA | Gad Municipal de Gualaquiza","isPartOf":{"@id":"https:\/\/gadgualaquiza.gob.ec\/web\/#website"},"primaryImageOfPage":{"@id":"https:\/\/gadgualaquiza.gob.ec\/web\/2019\/04\/25\/se-analiza-ordenanza-para-declarar-a-gualaquiza-libre-de-mineria\/#primaryimage"},"image":{"@id":"https:\/\/gadgualaquiza.gob.ec\/web\/2019\/04\/25\/se-analiza-ordenanza-para-declarar-a-gualaquiza-libre-de-mineria\/#primaryimage"},"thumbnailUrl":"https:\/\/gadgualaquiza.gob.ec\/web\/wp-content\/uploads\/2019\/04\/DSC_8309.jpg","datePublished":"2019-04-25T20:50:22+00:00","dateModified":"2019-04-25T20:50:22+00:00","breadcrumb":{"@id":"https:\/\/gadgualaquiza.gob.ec\/web\/2019\/04\/25\/se-analiza-ordenanza-para-declarar-a-gualaquiza-libre-de-mineria\/#breadcrumb"},"inLanguage":"es","potentialAction":[{"@type":"ReadAction","target":["https:\/\/gadgualaquiza.gob.ec\/web\/2019\/04\/25\/se-analiza-ordenanza-para-declarar-a-gualaquiza-libre-de-mineria\/"]}]},{"@type":"ImageObject","inLanguage":"es","@id":"https:\/\/gadgualaquiza.gob.ec\/web\/2019\/04\/25\/se-analiza-ordenanza-para-declarar-a-gualaquiza-libre-de-mineria\/#primaryimage","url":"https:\/\/gadgualaquiza.gob.ec\/web\/wp-content\/uploads\/2019\/04\/DSC_8309.jpg","contentUrl":"https:\/\/gadgualaquiza.gob.ec\/web\/wp-content\/uploads\/2019\/04\/DSC_8309.jpg","width":1024,"height":683},{"@type":"BreadcrumbList","@id":"https:\/\/gadgualaquiza.gob.ec\/web\/2019\/04\/25\/se-analiza-ordenanza-para-declarar-a-gualaquiza-libre-de-mineria\/#breadcrumb","itemListElement":[{"@type":"ListItem","position":1,"name":"Portada","item":"https:\/\/gadgualaquiza.gob.ec\/web\/"},{"@type":"ListItem","position":2,"name":"SE ANALIZA ORDENANZA PARA DECLARAR A GUALAQUIZA LIBRE DE MINER\u00cdA"}]},{"@type":"WebSite","@id":"https:\/\/gadgualaquiza.gob.ec\/web\/#website","url":"https:\/\/gadgualaquiza.gob.ec\/web\/","name":"Gad Municipal de Gualaquiza","description":"Gualaquiza tiene futuro","publisher":{"@id":"https:\/\/gadgualaquiza.gob.ec\/web\/#organization"},"potentialAction":[{"@type":"SearchAction","target":{"@type":"EntryPoint","urlTemplate":"https:\/\/gadgualaquiza.gob.ec\/web\/?s={search_term_string}"},"query-input":"required name=search_term_string"}],"inLanguage":"es"},{"@type":"Organization","@id":"https:\/\/gadgualaquiza.gob.ec\/web\/#organization","name":"GAD Municipal de Gualaquiza","url":"https:\/\/gadgualaquiza.gob.ec\/web\/","logo":{"@type":"ImageObject","inLanguage":"es","@id":"https:\/\/gadgualaquiza.gob.ec\/web\/#\/schema\/logo\/image\/","url":"https:\/\/gadgualaquiza.gob.ec\/web\/wp-content\/uploads\/2018\/03\/logo.png","contentUrl":"https:\/\/gadgualaquiza.gob.ec\/web\/wp-content\/uploads\/2018\/03\/logo.png","width":378,"height":168,"caption":"GAD Municipal de Gualaquiza"},"image":{"@id":"https:\/\/gadgualaquiza.gob.ec\/web\/#\/schema\/logo\/image\/"},"sameAs":["https:\/\/www.facebook.com\/GADMGualaquiza\/","https:\/\/twitter.com\/gadgualaquiza","https:\/\/www.youtube.com\/channel\/UCevG9dVTc47am3Z-S4sgeRg\/videos?disable_polymer=1"]},{"@type":"Person","@id":"https:\/\/gadgualaquiza.gob.ec\/web\/#\/schema\/person\/ee79e08a9c666dc4ae9143d95c44b654","name":"Lupita Pacheco","image":{"@type":"ImageObject","inLanguage":"es","@id":"https:\/\/gadgualaquiza.gob.ec\/web\/#\/schema\/person\/image\/","url":"https:\/\/secure.gravatar.com\/avatar\/d893611775c88afa8ca711c66cd768ad?s=96&d=mm&r=g","contentUrl":"https:\/\/secure.gravatar.com\/avatar\/d893611775c88afa8ca711c66cd768ad?s=96&d=mm&r=g","caption":"Lupita Pacheco"},"sameAs":["http:\/\/www.gadgualaquiza.gob.ec"],"url":"https:\/\/gadgualaquiza.gob.ec\/web\/author\/lpacheco\/"}]}},"_links":{"self":[{"href":"https:\/\/gadgualaquiza.gob.ec\/web\/wp-json\/wp\/v2\/posts\/7296"}],"collection":[{"href":"https:\/\/gadgualaquiza.gob.ec\/web\/wp-json\/wp\/v2\/posts"}],"about":[{"href":"https:\/\/gadgualaquiza.gob.ec\/web\/wp-json\/wp\/v2\/types\/post"}],"author":[{"embeddable":true,"href":"https:\/\/gadgualaquiza.gob.ec\/web\/wp-json\/wp\/v2\/users\/4"}],"replies":[{"embeddable":true,"href":"https:\/\/gadgualaquiza.gob.ec\/web\/wp-json\/wp\/v2\/comments?post=7296"}],"version-history":[{"count":1,"href":"https:\/\/gadgualaquiza.gob.ec\/web\/wp-json\/wp\/v2\/posts\/7296\/revisions"}],"predecessor-version":[{"id":7298,"href":"https:\/\/gadgualaquiza.gob.ec\/web\/wp-json\/wp\/v2\/posts\/7296\/revisions\/7298"}],"wp:featuredmedia":[{"embeddable":true,"href":"https:\/\/gadgualaquiza.gob.ec\/web\/wp-json\/wp\/v2\/media\/7297"}],"wp:attachment":[{"href":"https:\/\/gadgualaquiza.gob.ec\/web\/wp-json\/wp\/v2\/media?parent=7296"}],"wp:term":[{"taxonomy":"category","embeddable":true,"href":"https:\/\/gadgualaquiza.gob.ec\/web\/wp-json\/wp\/v2\/categories?post=7296"},{"taxonomy":"post_tag","embeddable":true,"href":"https:\/\/gadgualaquiza.gob.ec\/web\/wp-json\/wp\/v2\/tags?post=7296"}],"curies":[{"name":"wp","href":"https:\/\/api.w.org\/{rel}","templated":true}]}}