{"id":12891,"date":"2022-01-07T09:36:05","date_gmt":"2022-01-07T14:36:05","guid":{"rendered":"https:\/\/gadgualaquiza.gob.ec\/web\/?p=12891"},"modified":"2022-01-07T09:36:09","modified_gmt":"2022-01-07T14:36:09","slug":"alcalde-de-gualaquiza-y-su-lucha-por-declarar-a-gualaquiza-como-zona-de-influencia-del-proyecto-minero-mirador","status":"publish","type":"post","link":"https:\/\/gadgualaquiza.gob.ec\/web\/2022\/01\/07\/alcalde-de-gualaquiza-y-su-lucha-por-declarar-a-gualaquiza-como-zona-de-influencia-del-proyecto-minero-mirador\/","title":{"rendered":"ALCALDE DE GUALAQUIZA Y SU LUCHA POR DECLARAR A GUALAQUIZA COMO ZONA DE INFLUENCIA DEL PROYECTO MINERO MIRADOR"},"content":{"rendered":"\n<p>Como es de conocimiento p\u00fablico, el Ing. Francis Pav\u00f3n, alcalde de Gualaquiza desde el inicio de su administraci\u00f3n ha venido realizando varias gestiones para que Gualaquiza sea considerada como zona de influencia del proyecto minero El Mirador y que el \u00c1rea Ecol\u00f3gica de Conservaci\u00f3n Municipal Runahurco sea declarada parte del Sistema Nacional de \u00c1reas Protegidas (SNAP).<\/p>\n\n\n\n<p>En este sentido la ma\u00f1ana del 5 de enero, cumpli\u00f3 su agenda de trabajo en la ciudad de Quito, ante el Ministerio del Ambiente, Agua y Transici\u00f3n Ecol\u00f3gica, donde el ministro Gustavo Manrique y su equipo de trabajo atendieron las peticiones del burgomaestre.<\/p>\n\n\n\n<p>La Mag\u00edster Consuelo Vega, Asamble\u00edsta de Morona Santiago y el equipo t\u00e9cnico de la Municipalidad, acompa\u00f1aron a esta diligencia con el objetivo de respaldar y sustentar t\u00e9cnicamente dichas solicitudes.<\/p>\n\n\n\n<p>Por parte de las autoridades de esta cartera de estado se comprometieron a dar celeridad a estas gestiones en beneficio de los gualaquicenses.<\/p>\n","protected":false},"excerpt":{"rendered":"<p>Como es de conocimiento p\u00fablico, el Ing. Francis Pav\u00f3n, alcalde<span class=\"excerpt-hellip\"> [\u2026]<\/span><\/p>\n","protected":false},"author":2,"featured_media":12892,"comment_status":"open","ping_status":"open","sticky":false,"template":"","format":"standard","meta":{"footnotes":""},"categories":[5,8],"tags":[],"yoast_head":"<!-- This site is optimized with the Yoast SEO Premium plugin v19.7 (Yoast SEO v22.4) - https:\/\/yoast.com\/wordpress\/plugins\/seo\/ -->\n<title>ALCALDE DE GUALAQUIZA Y SU LUCHA POR DECLARAR A GUALAQUIZA COMO ZONA DE INFLUENCIA DEL PROYECTO MINERO MIRADOR | Gad Municipal de Gualaquiza<\/title>\n<meta name=\"robots\" content=\"index, follow, max-snippet:-1, max-image-preview:large, max-video-preview:-1\" \/>\n<link rel=\"canonical\" href=\"https:\/\/gadgualaquiza.gob.ec\/web\/2022\/01\/07\/alcalde-de-gualaquiza-y-su-lucha-por-declarar-a-gualaquiza-como-zona-de-influencia-del-proyecto-minero-mirador\/\" \/>\n<meta property=\"og:locale\" content=\"es_ES\" \/>\n<meta property=\"og:type\" content=\"article\" \/>\n<meta property=\"og:title\" content=\"ALCALDE DE GUALAQUIZA Y SU LUCHA POR DECLARAR A GUALAQUIZA COMO ZONA DE INFLUENCIA DEL PROYECTO MINERO MIRADOR\" \/>\n<meta property=\"og:description\" content=\"Como es de conocimiento p\u00fablico, el Ing. Francis Pav\u00f3n, alcalde [\u2026]\" \/>\n<meta property=\"og:url\" content=\"https:\/\/gadgualaquiza.gob.ec\/web\/2022\/01\/07\/alcalde-de-gualaquiza-y-su-lucha-por-declarar-a-gualaquiza-como-zona-de-influencia-del-proyecto-minero-mirador\/\" \/>\n<meta property=\"og:site_name\" content=\"Gad Municipal de Gualaquiza\" \/>\n<meta property=\"article:publisher\" content=\"https:\/\/www.facebook.com\/GADMGualaquiza\/\" \/>\n<meta property=\"article:published_time\" content=\"2022-01-07T14:36:05+00:00\" \/>\n<meta property=\"article:modified_time\" content=\"2022-01-07T14:36:09+00:00\" \/>\n<meta property=\"og:image\" content=\"https:\/\/gadgualaquiza.gob.ec\/web\/wp-content\/uploads\/2022\/01\/QUITO.jpg\" \/>\n\t<meta property=\"og:image:width\" content=\"960\" \/>\n\t<meta property=\"og:image:height\" content=\"648\" \/>\n\t<meta property=\"og:image:type\" content=\"image\/jpeg\" \/>\n<meta name=\"author\" content=\"Fernando Pesantez\" \/>\n<meta name=\"twitter:card\" content=\"summary_large_image\" \/>\n<meta name=\"twitter:creator\" content=\"@gadgualaquiza\" \/>\n<meta name=\"twitter:site\" content=\"@gadgualaquiza\" \/>\n<meta name=\"twitter:label1\" content=\"Escrito por\" \/>\n\t<meta name=\"twitter:data1\" content=\"Fernando Pesantez\" \/>\n\t<meta name=\"twitter:label2\" content=\"Tiempo de lectura\" \/>\n\t<meta name=\"twitter:data2\" content=\"1 minuto\" \/>\n<script type=\"application\/ld+json\" class=\"yoast-schema-graph\">{\"@context\":\"https:\/\/schema.org\",\"@graph\":[{\"@type\":\"Article\",\"@id\":\"https:\/\/gadgualaquiza.gob.ec\/web\/2022\/01\/07\/alcalde-de-gualaquiza-y-su-lucha-por-declarar-a-gualaquiza-como-zona-de-influencia-del-proyecto-minero-mirador\/#article\",\"isPartOf\":{\"@id\":\"https:\/\/gadgualaquiza.gob.ec\/web\/2022\/01\/07\/alcalde-de-gualaquiza-y-su-lucha-por-declarar-a-gualaquiza-como-zona-de-influencia-del-proyecto-minero-mirador\/\"},\"author\":{\"name\":\"Fernando Pesantez\",\"@id\":\"https:\/\/gadgualaquiza.gob.ec\/web\/#\/schema\/person\/aa08bcd7909c6672766f9edcdd9e722f\"},\"headline\":\"ALCALDE DE GUALAQUIZA Y SU LUCHA POR DECLARAR A GUALAQUIZA COMO ZONA DE INFLUENCIA DEL PROYECTO MINERO MIRADOR\",\"datePublished\":\"2022-01-07T14:36:05+00:00\",\"dateModified\":\"2022-01-07T14:36:09+00:00\",\"mainEntityOfPage\":{\"@id\":\"https:\/\/gadgualaquiza.gob.ec\/web\/2022\/01\/07\/alcalde-de-gualaquiza-y-su-lucha-por-declarar-a-gualaquiza-como-zona-de-influencia-del-proyecto-minero-mirador\/\"},\"wordCount\":181,\"commentCount\":0,\"publisher\":{\"@id\":\"https:\/\/gadgualaquiza.gob.ec\/web\/#organization\"},\"image\":{\"@id\":\"https:\/\/gadgualaquiza.gob.ec\/web\/2022\/01\/07\/alcalde-de-gualaquiza-y-su-lucha-por-declarar-a-gualaquiza-como-zona-de-influencia-del-proyecto-minero-mirador\/#primaryimage\"},\"thumbnailUrl\":\"https:\/\/gadgualaquiza.gob.ec\/web\/wp-content\/uploads\/2022\/01\/QUITO.jpg\",\"articleSection\":[\"ALCALDE\",\"NOTICIAS RECIENTES\"],\"inLanguage\":\"es\",\"potentialAction\":[{\"@type\":\"CommentAction\",\"name\":\"Comment\",\"target\":[\"https:\/\/gadgualaquiza.gob.ec\/web\/2022\/01\/07\/alcalde-de-gualaquiza-y-su-lucha-por-declarar-a-gualaquiza-como-zona-de-influencia-del-proyecto-minero-mirador\/#respond\"]}]},{\"@type\":\"WebPage\",\"@id\":\"https:\/\/gadgualaquiza.gob.ec\/web\/2022\/01\/07\/alcalde-de-gualaquiza-y-su-lucha-por-declarar-a-gualaquiza-como-zona-de-influencia-del-proyecto-minero-mirador\/\",\"url\":\"https:\/\/gadgualaquiza.gob.ec\/web\/2022\/01\/07\/alcalde-de-gualaquiza-y-su-lucha-por-declarar-a-gualaquiza-como-zona-de-influencia-del-proyecto-minero-mirador\/\",\"name\":\"ALCALDE DE GUALAQUIZA Y SU LUCHA POR DECLARAR A GUALAQUIZA COMO ZONA DE INFLUENCIA DEL PROYECTO MINERO MIRADOR | Gad Municipal de Gualaquiza\",\"isPartOf\":{\"@id\":\"https:\/\/gadgualaquiza.gob.ec\/web\/#website\"},\"primaryImageOfPage\":{\"@id\":\"https:\/\/gadgualaquiza.gob.ec\/web\/2022\/01\/07\/alcalde-de-gualaquiza-y-su-lucha-por-declarar-a-gualaquiza-como-zona-de-influencia-del-proyecto-minero-mirador\/#primaryimage\"},\"image\":{\"@id\":\"https:\/\/gadgualaquiza.gob.ec\/web\/2022\/01\/07\/alcalde-de-gualaquiza-y-su-lucha-por-declarar-a-gualaquiza-como-zona-de-influencia-del-proyecto-minero-mirador\/#primaryimage\"},\"thumbnailUrl\":\"https:\/\/gadgualaquiza.gob.ec\/web\/wp-content\/uploads\/2022\/01\/QUITO.jpg\",\"datePublished\":\"2022-01-07T14:36:05+00:00\",\"dateModified\":\"2022-01-07T14:36:09+00:00\",\"breadcrumb\":{\"@id\":\"https:\/\/gadgualaquiza.gob.ec\/web\/2022\/01\/07\/alcalde-de-gualaquiza-y-su-lucha-por-declarar-a-gualaquiza-como-zona-de-influencia-del-proyecto-minero-mirador\/#breadcrumb\"},\"inLanguage\":\"es\",\"potentialAction\":[{\"@type\":\"ReadAction\",\"target\":[\"https:\/\/gadgualaquiza.gob.ec\/web\/2022\/01\/07\/alcalde-de-gualaquiza-y-su-lucha-por-declarar-a-gualaquiza-como-zona-de-influencia-del-proyecto-minero-mirador\/\"]}]},{\"@type\":\"ImageObject\",\"inLanguage\":\"es\",\"@id\":\"https:\/\/gadgualaquiza.gob.ec\/web\/2022\/01\/07\/alcalde-de-gualaquiza-y-su-lucha-por-declarar-a-gualaquiza-como-zona-de-influencia-del-proyecto-minero-mirador\/#primaryimage\",\"url\":\"https:\/\/gadgualaquiza.gob.ec\/web\/wp-content\/uploads\/2022\/01\/QUITO.jpg\",\"contentUrl\":\"https:\/\/gadgualaquiza.gob.ec\/web\/wp-content\/uploads\/2022\/01\/QUITO.jpg\",\"width\":960,\"height\":648},{\"@type\":\"BreadcrumbList\",\"@id\":\"https:\/\/gadgualaquiza.gob.ec\/web\/2022\/01\/07\/alcalde-de-gualaquiza-y-su-lucha-por-declarar-a-gualaquiza-como-zona-de-influencia-del-proyecto-minero-mirador\/#breadcrumb\",\"itemListElement\":[{\"@type\":\"ListItem\",\"position\":1,\"name\":\"Portada\",\"item\":\"https:\/\/gadgualaquiza.gob.ec\/web\/\"},{\"@type\":\"ListItem\",\"position\":2,\"name\":\"ALCALDE DE GUALAQUIZA Y SU LUCHA POR DECLARAR A GUALAQUIZA COMO ZONA DE INFLUENCIA DEL PROYECTO MINERO MIRADOR\"}]},{\"@type\":\"WebSite\",\"@id\":\"https:\/\/gadgualaquiza.gob.ec\/web\/#website\",\"url\":\"https:\/\/gadgualaquiza.gob.ec\/web\/\",\"name\":\"Gad Municipal de Gualaquiza\",\"description\":\"Gualaquiza tiene futuro\",\"publisher\":{\"@id\":\"https:\/\/gadgualaquiza.gob.ec\/web\/#organization\"},\"potentialAction\":[{\"@type\":\"SearchAction\",\"target\":{\"@type\":\"EntryPoint\",\"urlTemplate\":\"https:\/\/gadgualaquiza.gob.ec\/web\/?s={search_term_string}\"},\"query-input\":\"required name=search_term_string\"}],\"inLanguage\":\"es\"},{\"@type\":\"Organization\",\"@id\":\"https:\/\/gadgualaquiza.gob.ec\/web\/#organization\",\"name\":\"GAD Municipal de Gualaquiza\",\"url\":\"https:\/\/gadgualaquiza.gob.ec\/web\/\",\"logo\":{\"@type\":\"ImageObject\",\"inLanguage\":\"es\",\"@id\":\"https:\/\/gadgualaquiza.gob.ec\/web\/#\/schema\/logo\/image\/\",\"url\":\"https:\/\/gadgualaquiza.gob.ec\/web\/wp-content\/uploads\/2018\/03\/logo.png\",\"contentUrl\":\"https:\/\/gadgualaquiza.gob.ec\/web\/wp-content\/uploads\/2018\/03\/logo.png\",\"width\":378,\"height\":168,\"caption\":\"GAD Municipal de Gualaquiza\"},\"image\":{\"@id\":\"https:\/\/gadgualaquiza.gob.ec\/web\/#\/schema\/logo\/image\/\"},\"sameAs\":[\"https:\/\/www.facebook.com\/GADMGualaquiza\/\",\"https:\/\/twitter.com\/gadgualaquiza\",\"https:\/\/www.youtube.com\/channel\/UCevG9dVTc47am3Z-S4sgeRg\/videos?disable_polymer=1\"]},{\"@type\":\"Person\",\"@id\":\"https:\/\/gadgualaquiza.gob.ec\/web\/#\/schema\/person\/aa08bcd7909c6672766f9edcdd9e722f\",\"name\":\"Fernando Pesantez\",\"image\":{\"@type\":\"ImageObject\",\"inLanguage\":\"es\",\"@id\":\"https:\/\/gadgualaquiza.gob.ec\/web\/#\/schema\/person\/image\/\",\"url\":\"https:\/\/secure.gravatar.com\/avatar\/efb8a6cdb2ab57ff97c950283b2ffe44?s=96&d=mm&r=g\",\"contentUrl\":\"https:\/\/secure.gravatar.com\/avatar\/efb8a6cdb2ab57ff97c950283b2ffe44?s=96&d=mm&r=g\",\"caption\":\"Fernando Pesantez\"},\"sameAs\":[\"http:\/\/www.gadgualaquiza.gob.ec\"],\"url\":\"https:\/\/gadgualaquiza.gob.ec\/web\/author\/fpesantez\/\"}]}<\/script>\n<!-- \/ Yoast SEO Premium plugin. -->","yoast_head_json":{"title":"ALCALDE DE GUALAQUIZA Y SU LUCHA POR DECLARAR A GUALAQUIZA COMO ZONA DE INFLUENCIA DEL PROYECTO MINERO MIRADOR | Gad Municipal de Gualaquiza","robots":{"index":"index","follow":"follow","max-snippet":"max-snippet:-1","max-image-preview":"max-image-preview:large","max-video-preview":"max-video-preview:-1"},"canonical":"https:\/\/gadgualaquiza.gob.ec\/web\/2022\/01\/07\/alcalde-de-gualaquiza-y-su-lucha-por-declarar-a-gualaquiza-como-zona-de-influencia-del-proyecto-minero-mirador\/","og_locale":"es_ES","og_type":"article","og_title":"ALCALDE DE GUALAQUIZA Y SU LUCHA POR DECLARAR A GUALAQUIZA COMO ZONA DE INFLUENCIA DEL PROYECTO MINERO MIRADOR","og_description":"Como es de conocimiento p\u00fablico, el Ing. Francis Pav\u00f3n, alcalde [\u2026]","og_url":"https:\/\/gadgualaquiza.gob.ec\/web\/2022\/01\/07\/alcalde-de-gualaquiza-y-su-lucha-por-declarar-a-gualaquiza-como-zona-de-influencia-del-proyecto-minero-mirador\/","og_site_name":"Gad Municipal de Gualaquiza","article_publisher":"https:\/\/www.facebook.com\/GADMGualaquiza\/","article_published_time":"2022-01-07T14:36:05+00:00","article_modified_time":"2022-01-07T14:36:09+00:00","og_image":[{"width":960,"height":648,"url":"https:\/\/gadgualaquiza.gob.ec\/web\/wp-content\/uploads\/2022\/01\/QUITO.jpg","type":"image\/jpeg"}],"author":"Fernando Pesantez","twitter_card":"summary_large_image","twitter_creator":"@gadgualaquiza","twitter_site":"@gadgualaquiza","twitter_misc":{"Escrito por":"Fernando Pesantez","Tiempo de lectura":"1 minuto"},"schema":{"@context":"https:\/\/schema.org","@graph":[{"@type":"Article","@id":"https:\/\/gadgualaquiza.gob.ec\/web\/2022\/01\/07\/alcalde-de-gualaquiza-y-su-lucha-por-declarar-a-gualaquiza-como-zona-de-influencia-del-proyecto-minero-mirador\/#article","isPartOf":{"@id":"https:\/\/gadgualaquiza.gob.ec\/web\/2022\/01\/07\/alcalde-de-gualaquiza-y-su-lucha-por-declarar-a-gualaquiza-como-zona-de-influencia-del-proyecto-minero-mirador\/"},"author":{"name":"Fernando Pesantez","@id":"https:\/\/gadgualaquiza.gob.ec\/web\/#\/schema\/person\/aa08bcd7909c6672766f9edcdd9e722f"},"headline":"ALCALDE DE GUALAQUIZA Y SU LUCHA POR DECLARAR A GUALAQUIZA COMO ZONA DE INFLUENCIA DEL PROYECTO MINERO MIRADOR","datePublished":"2022-01-07T14:36:05+00:00","dateModified":"2022-01-07T14:36:09+00:00","mainEntityOfPage":{"@id":"https:\/\/gadgualaquiza.gob.ec\/web\/2022\/01\/07\/alcalde-de-gualaquiza-y-su-lucha-por-declarar-a-gualaquiza-como-zona-de-influencia-del-proyecto-minero-mirador\/"},"wordCount":181,"commentCount":0,"publisher":{"@id":"https:\/\/gadgualaquiza.gob.ec\/web\/#organization"},"image":{"@id":"https:\/\/gadgualaquiza.gob.ec\/web\/2022\/01\/07\/alcalde-de-gualaquiza-y-su-lucha-por-declarar-a-gualaquiza-como-zona-de-influencia-del-proyecto-minero-mirador\/#primaryimage"},"thumbnailUrl":"https:\/\/gadgualaquiza.gob.ec\/web\/wp-content\/uploads\/2022\/01\/QUITO.jpg","articleSection":["ALCALDE","NOTICIAS RECIENTES"],"inLanguage":"es","potentialAction":[{"@type":"CommentAction","name":"Comment","target":["https:\/\/gadgualaquiza.gob.ec\/web\/2022\/01\/07\/alcalde-de-gualaquiza-y-su-lucha-por-declarar-a-gualaquiza-como-zona-de-influencia-del-proyecto-minero-mirador\/#respond"]}]},{"@type":"WebPage","@id":"https:\/\/gadgualaquiza.gob.ec\/web\/2022\/01\/07\/alcalde-de-gualaquiza-y-su-lucha-por-declarar-a-gualaquiza-como-zona-de-influencia-del-proyecto-minero-mirador\/","url":"https:\/\/gadgualaquiza.gob.ec\/web\/2022\/01\/07\/alcalde-de-gualaquiza-y-su-lucha-por-declarar-a-gualaquiza-como-zona-de-influencia-del-proyecto-minero-mirador\/","name":"ALCALDE DE GUALAQUIZA Y SU LUCHA POR DECLARAR A GUALAQUIZA COMO ZONA DE INFLUENCIA DEL PROYECTO MINERO MIRADOR | Gad Municipal de Gualaquiza","isPartOf":{"@id":"https:\/\/gadgualaquiza.gob.ec\/web\/#website"},"primaryImageOfPage":{"@id":"https:\/\/gadgualaquiza.gob.ec\/web\/2022\/01\/07\/alcalde-de-gualaquiza-y-su-lucha-por-declarar-a-gualaquiza-como-zona-de-influencia-del-proyecto-minero-mirador\/#primaryimage"},"image":{"@id":"https:\/\/gadgualaquiza.gob.ec\/web\/2022\/01\/07\/alcalde-de-gualaquiza-y-su-lucha-por-declarar-a-gualaquiza-como-zona-de-influencia-del-proyecto-minero-mirador\/#primaryimage"},"thumbnailUrl":"https:\/\/gadgualaquiza.gob.ec\/web\/wp-content\/uploads\/2022\/01\/QUITO.jpg","datePublished":"2022-01-07T14:36:05+00:00","dateModified":"2022-01-07T14:36:09+00:00","breadcrumb":{"@id":"https:\/\/gadgualaquiza.gob.ec\/web\/2022\/01\/07\/alcalde-de-gualaquiza-y-su-lucha-por-declarar-a-gualaquiza-como-zona-de-influencia-del-proyecto-minero-mirador\/#breadcrumb"},"inLanguage":"es","potentialAction":[{"@type":"ReadAction","target":["https:\/\/gadgualaquiza.gob.ec\/web\/2022\/01\/07\/alcalde-de-gualaquiza-y-su-lucha-por-declarar-a-gualaquiza-como-zona-de-influencia-del-proyecto-minero-mirador\/"]}]},{"@type":"ImageObject","inLanguage":"es","@id":"https:\/\/gadgualaquiza.gob.ec\/web\/2022\/01\/07\/alcalde-de-gualaquiza-y-su-lucha-por-declarar-a-gualaquiza-como-zona-de-influencia-del-proyecto-minero-mirador\/#primaryimage","url":"https:\/\/gadgualaquiza.gob.ec\/web\/wp-content\/uploads\/2022\/01\/QUITO.jpg","contentUrl":"https:\/\/gadgualaquiza.gob.ec\/web\/wp-content\/uploads\/2022\/01\/QUITO.jpg","width":960,"height":648},{"@type":"BreadcrumbList","@id":"https:\/\/gadgualaquiza.gob.ec\/web\/2022\/01\/07\/alcalde-de-gualaquiza-y-su-lucha-por-declarar-a-gualaquiza-como-zona-de-influencia-del-proyecto-minero-mirador\/#breadcrumb","itemListElement":[{"@type":"ListItem","position":1,"name":"Portada","item":"https:\/\/gadgualaquiza.gob.ec\/web\/"},{"@type":"ListItem","position":2,"name":"ALCALDE DE GUALAQUIZA Y SU LUCHA POR DECLARAR A GUALAQUIZA COMO ZONA DE INFLUENCIA DEL PROYECTO MINERO MIRADOR"}]},{"@type":"WebSite","@id":"https:\/\/gadgualaquiza.gob.ec\/web\/#website","url":"https:\/\/gadgualaquiza.gob.ec\/web\/","name":"Gad Municipal de Gualaquiza","description":"Gualaquiza tiene futuro","publisher":{"@id":"https:\/\/gadgualaquiza.gob.ec\/web\/#organization"},"potentialAction":[{"@type":"SearchAction","target":{"@type":"EntryPoint","urlTemplate":"https:\/\/gadgualaquiza.gob.ec\/web\/?s={search_term_string}"},"query-input":"required name=search_term_string"}],"inLanguage":"es"},{"@type":"Organization","@id":"https:\/\/gadgualaquiza.gob.ec\/web\/#organization","name":"GAD Municipal de Gualaquiza","url":"https:\/\/gadgualaquiza.gob.ec\/web\/","logo":{"@type":"ImageObject","inLanguage":"es","@id":"https:\/\/gadgualaquiza.gob.ec\/web\/#\/schema\/logo\/image\/","url":"https:\/\/gadgualaquiza.gob.ec\/web\/wp-content\/uploads\/2018\/03\/logo.png","contentUrl":"https:\/\/gadgualaquiza.gob.ec\/web\/wp-content\/uploads\/2018\/03\/logo.png","width":378,"height":168,"caption":"GAD Municipal de Gualaquiza"},"image":{"@id":"https:\/\/gadgualaquiza.gob.ec\/web\/#\/schema\/logo\/image\/"},"sameAs":["https:\/\/www.facebook.com\/GADMGualaquiza\/","https:\/\/twitter.com\/gadgualaquiza","https:\/\/www.youtube.com\/channel\/UCevG9dVTc47am3Z-S4sgeRg\/videos?disable_polymer=1"]},{"@type":"Person","@id":"https:\/\/gadgualaquiza.gob.ec\/web\/#\/schema\/person\/aa08bcd7909c6672766f9edcdd9e722f","name":"Fernando Pesantez","image":{"@type":"ImageObject","inLanguage":"es","@id":"https:\/\/gadgualaquiza.gob.ec\/web\/#\/schema\/person\/image\/","url":"https:\/\/secure.gravatar.com\/avatar\/efb8a6cdb2ab57ff97c950283b2ffe44?s=96&d=mm&r=g","contentUrl":"https:\/\/secure.gravatar.com\/avatar\/efb8a6cdb2ab57ff97c950283b2ffe44?s=96&d=mm&r=g","caption":"Fernando Pesantez"},"sameAs":["http:\/\/www.gadgualaquiza.gob.ec"],"url":"https:\/\/gadgualaquiza.gob.ec\/web\/author\/fpesantez\/"}]}},"_links":{"self":[{"href":"https:\/\/gadgualaquiza.gob.ec\/web\/wp-json\/wp\/v2\/posts\/12891"}],"collection":[{"href":"https:\/\/gadgualaquiza.gob.ec\/web\/wp-json\/wp\/v2\/posts"}],"about":[{"href":"https:\/\/gadgualaquiza.gob.ec\/web\/wp-json\/wp\/v2\/types\/post"}],"author":[{"embeddable":true,"href":"https:\/\/gadgualaquiza.gob.ec\/web\/wp-json\/wp\/v2\/users\/2"}],"replies":[{"embeddable":true,"href":"https:\/\/gadgualaquiza.gob.ec\/web\/wp-json\/wp\/v2\/comments?post=12891"}],"version-history":[{"count":1,"href":"https:\/\/gadgualaquiza.gob.ec\/web\/wp-json\/wp\/v2\/posts\/12891\/revisions"}],"predecessor-version":[{"id":12893,"href":"https:\/\/gadgualaquiza.gob.ec\/web\/wp-json\/wp\/v2\/posts\/12891\/revisions\/12893"}],"wp:featuredmedia":[{"embeddable":true,"href":"https:\/\/gadgualaquiza.gob.ec\/web\/wp-json\/wp\/v2\/media\/12892"}],"wp:attachment":[{"href":"https:\/\/gadgualaquiza.gob.ec\/web\/wp-json\/wp\/v2\/media?parent=12891"}],"wp:term":[{"taxonomy":"category","embeddable":true,"href":"https:\/\/gadgualaquiza.gob.ec\/web\/wp-json\/wp\/v2\/categories?post=12891"},{"taxonomy":"post_tag","embeddable":true,"href":"https:\/\/gadgualaquiza.gob.ec\/web\/wp-json\/wp\/v2\/tags?post=12891"}],"curies":[{"name":"wp","href":"https:\/\/api.w.org\/{rel}","templated":true}]}}