{"id":12888,"date":"2022-01-07T09:34:01","date_gmt":"2022-01-07T14:34:01","guid":{"rendered":"https:\/\/gadgualaquiza.gob.ec\/web\/?p=12888"},"modified":"2022-01-07T09:34:07","modified_gmt":"2022-01-07T14:34:07","slug":"alcalde-se-reunio-con-ministro-de-mtop","status":"publish","type":"post","link":"https:\/\/gadgualaquiza.gob.ec\/web\/2022\/01\/07\/alcalde-se-reunio-con-ministro-de-mtop\/","title":{"rendered":"ALCALDE SE REUNI\u00d3 CON MINISTRO DE MTOP"},"content":{"rendered":"\n<p>El mi\u00e9rcoles 5 de enero en la ciudad de Quito, el Ing. Francis Pav\u00f3n, alcalde de Gualaquiza junto a la Mgtr. Consuelo Vega, Asamble\u00edsta de Morona Santiago, mantuvieron una reuni\u00f3n de trabajo con el Ing. Marcelo Cabrera, ministro de Transporte y Obras P\u00fablicas, con la finalidad de dar seguimiento a las peticiones realizadas ante esta cartera de estado respecto a la v\u00eda estatal S\u00edgsig- Chig\u00fcinda \u2013 Gualaquiza y la troncal Amaz\u00f3nica Gualaquiza \u2013 San Juan Bosco &#8211; Lim\u00f3n Indanza. Durante este encuentro entre autoridades, el burgomaestre propuso al ministro y su equipo t\u00e9cnico visitar  nuestro cant\u00f3n con la finalidad de agilitar las soluciones pertinentes y la asignaci\u00f3n de recursos necesarios para la recuperaci\u00f3n de la red vial  estatal, teniendo como respuesta, la aceptaci\u00f3n para el recorrido el pr\u00f3ximo 11 de febrero.<\/p>\n\n\n\n<p>Otro de los compromisos por parte del Ministerio de Transporte y Obras P\u00fablicas es la entrega de un puente bailey que servir\u00e1 para mejorar la accesibilidad de nuestros agricultores y ganaderos, esto como una compensaci\u00f3n a los trabajos emergentes que la Municipalidad ha venido ejecutando en las v\u00edas que no son de su competencia.<\/p>\n\n\n\n<p>Seguimos trabajando por la vialidad de nuestro cant\u00f3n.<\/p>\n","protected":false},"excerpt":{"rendered":"<p>El mi\u00e9rcoles 5 de enero en la ciudad de Quito,<span class=\"excerpt-hellip\"> [\u2026]<\/span><\/p>\n","protected":false},"author":2,"featured_media":12889,"comment_status":"open","ping_status":"open","sticky":false,"template":"","format":"standard","meta":{"footnotes":""},"categories":[5,8],"tags":[],"yoast_head":"<!-- This site is optimized with the Yoast SEO Premium plugin v19.7 (Yoast SEO v22.4) - https:\/\/yoast.com\/wordpress\/plugins\/seo\/ -->\n<title>ALCALDE SE REUNI\u00d3 CON MINISTRO DE MTOP | Gad Municipal de Gualaquiza<\/title>\n<meta name=\"robots\" content=\"index, follow, max-snippet:-1, max-image-preview:large, max-video-preview:-1\" \/>\n<link rel=\"canonical\" href=\"https:\/\/gadgualaquiza.gob.ec\/web\/2022\/01\/07\/alcalde-se-reunio-con-ministro-de-mtop\/\" \/>\n<meta property=\"og:locale\" content=\"es_ES\" \/>\n<meta property=\"og:type\" content=\"article\" \/>\n<meta property=\"og:title\" content=\"ALCALDE SE REUNI\u00d3 CON MINISTRO DE MTOP\" \/>\n<meta property=\"og:description\" content=\"El mi\u00e9rcoles 5 de enero en la ciudad de Quito, [\u2026]\" \/>\n<meta property=\"og:url\" content=\"https:\/\/gadgualaquiza.gob.ec\/web\/2022\/01\/07\/alcalde-se-reunio-con-ministro-de-mtop\/\" \/>\n<meta property=\"og:site_name\" content=\"Gad Municipal de Gualaquiza\" \/>\n<meta property=\"article:publisher\" content=\"https:\/\/www.facebook.com\/GADMGualaquiza\/\" \/>\n<meta property=\"article:published_time\" content=\"2022-01-07T14:34:01+00:00\" \/>\n<meta property=\"article:modified_time\" content=\"2022-01-07T14:34:07+00:00\" \/>\n<meta property=\"og:image\" content=\"https:\/\/gadgualaquiza.gob.ec\/web\/wp-content\/uploads\/2022\/01\/MINISTRO.jpg\" \/>\n\t<meta property=\"og:image:width\" content=\"960\" \/>\n\t<meta property=\"og:image:height\" content=\"540\" \/>\n\t<meta property=\"og:image:type\" content=\"image\/jpeg\" \/>\n<meta name=\"author\" content=\"Fernando Pesantez\" \/>\n<meta name=\"twitter:card\" content=\"summary_large_image\" \/>\n<meta name=\"twitter:creator\" content=\"@gadgualaquiza\" \/>\n<meta name=\"twitter:site\" content=\"@gadgualaquiza\" \/>\n<meta name=\"twitter:label1\" content=\"Escrito por\" \/>\n\t<meta name=\"twitter:data1\" content=\"Fernando Pesantez\" \/>\n\t<meta name=\"twitter:label2\" content=\"Tiempo de lectura\" \/>\n\t<meta name=\"twitter:data2\" content=\"1 minuto\" \/>\n<script type=\"application\/ld+json\" class=\"yoast-schema-graph\">{\"@context\":\"https:\/\/schema.org\",\"@graph\":[{\"@type\":\"Article\",\"@id\":\"https:\/\/gadgualaquiza.gob.ec\/web\/2022\/01\/07\/alcalde-se-reunio-con-ministro-de-mtop\/#article\",\"isPartOf\":{\"@id\":\"https:\/\/gadgualaquiza.gob.ec\/web\/2022\/01\/07\/alcalde-se-reunio-con-ministro-de-mtop\/\"},\"author\":{\"name\":\"Fernando Pesantez\",\"@id\":\"https:\/\/gadgualaquiza.gob.ec\/web\/#\/schema\/person\/aa08bcd7909c6672766f9edcdd9e722f\"},\"headline\":\"ALCALDE SE REUNI\u00d3 CON MINISTRO DE MTOP\",\"datePublished\":\"2022-01-07T14:34:01+00:00\",\"dateModified\":\"2022-01-07T14:34:07+00:00\",\"mainEntityOfPage\":{\"@id\":\"https:\/\/gadgualaquiza.gob.ec\/web\/2022\/01\/07\/alcalde-se-reunio-con-ministro-de-mtop\/\"},\"wordCount\":216,\"commentCount\":0,\"publisher\":{\"@id\":\"https:\/\/gadgualaquiza.gob.ec\/web\/#organization\"},\"image\":{\"@id\":\"https:\/\/gadgualaquiza.gob.ec\/web\/2022\/01\/07\/alcalde-se-reunio-con-ministro-de-mtop\/#primaryimage\"},\"thumbnailUrl\":\"https:\/\/gadgualaquiza.gob.ec\/web\/wp-content\/uploads\/2022\/01\/MINISTRO.jpg\",\"articleSection\":[\"ALCALDE\",\"NOTICIAS RECIENTES\"],\"inLanguage\":\"es\",\"potentialAction\":[{\"@type\":\"CommentAction\",\"name\":\"Comment\",\"target\":[\"https:\/\/gadgualaquiza.gob.ec\/web\/2022\/01\/07\/alcalde-se-reunio-con-ministro-de-mtop\/#respond\"]}]},{\"@type\":\"WebPage\",\"@id\":\"https:\/\/gadgualaquiza.gob.ec\/web\/2022\/01\/07\/alcalde-se-reunio-con-ministro-de-mtop\/\",\"url\":\"https:\/\/gadgualaquiza.gob.ec\/web\/2022\/01\/07\/alcalde-se-reunio-con-ministro-de-mtop\/\",\"name\":\"ALCALDE SE REUNI\u00d3 CON MINISTRO DE MTOP | Gad Municipal de Gualaquiza\",\"isPartOf\":{\"@id\":\"https:\/\/gadgualaquiza.gob.ec\/web\/#website\"},\"primaryImageOfPage\":{\"@id\":\"https:\/\/gadgualaquiza.gob.ec\/web\/2022\/01\/07\/alcalde-se-reunio-con-ministro-de-mtop\/#primaryimage\"},\"image\":{\"@id\":\"https:\/\/gadgualaquiza.gob.ec\/web\/2022\/01\/07\/alcalde-se-reunio-con-ministro-de-mtop\/#primaryimage\"},\"thumbnailUrl\":\"https:\/\/gadgualaquiza.gob.ec\/web\/wp-content\/uploads\/2022\/01\/MINISTRO.jpg\",\"datePublished\":\"2022-01-07T14:34:01+00:00\",\"dateModified\":\"2022-01-07T14:34:07+00:00\",\"breadcrumb\":{\"@id\":\"https:\/\/gadgualaquiza.gob.ec\/web\/2022\/01\/07\/alcalde-se-reunio-con-ministro-de-mtop\/#breadcrumb\"},\"inLanguage\":\"es\",\"potentialAction\":[{\"@type\":\"ReadAction\",\"target\":[\"https:\/\/gadgualaquiza.gob.ec\/web\/2022\/01\/07\/alcalde-se-reunio-con-ministro-de-mtop\/\"]}]},{\"@type\":\"ImageObject\",\"inLanguage\":\"es\",\"@id\":\"https:\/\/gadgualaquiza.gob.ec\/web\/2022\/01\/07\/alcalde-se-reunio-con-ministro-de-mtop\/#primaryimage\",\"url\":\"https:\/\/gadgualaquiza.gob.ec\/web\/wp-content\/uploads\/2022\/01\/MINISTRO.jpg\",\"contentUrl\":\"https:\/\/gadgualaquiza.gob.ec\/web\/wp-content\/uploads\/2022\/01\/MINISTRO.jpg\",\"width\":960,\"height\":540},{\"@type\":\"BreadcrumbList\",\"@id\":\"https:\/\/gadgualaquiza.gob.ec\/web\/2022\/01\/07\/alcalde-se-reunio-con-ministro-de-mtop\/#breadcrumb\",\"itemListElement\":[{\"@type\":\"ListItem\",\"position\":1,\"name\":\"Portada\",\"item\":\"https:\/\/gadgualaquiza.gob.ec\/web\/\"},{\"@type\":\"ListItem\",\"position\":2,\"name\":\"ALCALDE SE REUNI\u00d3 CON MINISTRO DE MTOP\"}]},{\"@type\":\"WebSite\",\"@id\":\"https:\/\/gadgualaquiza.gob.ec\/web\/#website\",\"url\":\"https:\/\/gadgualaquiza.gob.ec\/web\/\",\"name\":\"Gad Municipal de Gualaquiza\",\"description\":\"Gualaquiza tiene futuro\",\"publisher\":{\"@id\":\"https:\/\/gadgualaquiza.gob.ec\/web\/#organization\"},\"potentialAction\":[{\"@type\":\"SearchAction\",\"target\":{\"@type\":\"EntryPoint\",\"urlTemplate\":\"https:\/\/gadgualaquiza.gob.ec\/web\/?s={search_term_string}\"},\"query-input\":\"required name=search_term_string\"}],\"inLanguage\":\"es\"},{\"@type\":\"Organization\",\"@id\":\"https:\/\/gadgualaquiza.gob.ec\/web\/#organization\",\"name\":\"GAD Municipal de Gualaquiza\",\"url\":\"https:\/\/gadgualaquiza.gob.ec\/web\/\",\"logo\":{\"@type\":\"ImageObject\",\"inLanguage\":\"es\",\"@id\":\"https:\/\/gadgualaquiza.gob.ec\/web\/#\/schema\/logo\/image\/\",\"url\":\"https:\/\/gadgualaquiza.gob.ec\/web\/wp-content\/uploads\/2018\/03\/logo.png\",\"contentUrl\":\"https:\/\/gadgualaquiza.gob.ec\/web\/wp-content\/uploads\/2018\/03\/logo.png\",\"width\":378,\"height\":168,\"caption\":\"GAD Municipal de Gualaquiza\"},\"image\":{\"@id\":\"https:\/\/gadgualaquiza.gob.ec\/web\/#\/schema\/logo\/image\/\"},\"sameAs\":[\"https:\/\/www.facebook.com\/GADMGualaquiza\/\",\"https:\/\/twitter.com\/gadgualaquiza\",\"https:\/\/www.youtube.com\/channel\/UCevG9dVTc47am3Z-S4sgeRg\/videos?disable_polymer=1\"]},{\"@type\":\"Person\",\"@id\":\"https:\/\/gadgualaquiza.gob.ec\/web\/#\/schema\/person\/aa08bcd7909c6672766f9edcdd9e722f\",\"name\":\"Fernando Pesantez\",\"image\":{\"@type\":\"ImageObject\",\"inLanguage\":\"es\",\"@id\":\"https:\/\/gadgualaquiza.gob.ec\/web\/#\/schema\/person\/image\/\",\"url\":\"https:\/\/secure.gravatar.com\/avatar\/efb8a6cdb2ab57ff97c950283b2ffe44?s=96&d=mm&r=g\",\"contentUrl\":\"https:\/\/secure.gravatar.com\/avatar\/efb8a6cdb2ab57ff97c950283b2ffe44?s=96&d=mm&r=g\",\"caption\":\"Fernando Pesantez\"},\"sameAs\":[\"http:\/\/www.gadgualaquiza.gob.ec\"],\"url\":\"https:\/\/gadgualaquiza.gob.ec\/web\/author\/fpesantez\/\"}]}<\/script>\n<!-- \/ Yoast SEO Premium plugin. -->","yoast_head_json":{"title":"ALCALDE SE REUNI\u00d3 CON MINISTRO DE MTOP | Gad Municipal de Gualaquiza","robots":{"index":"index","follow":"follow","max-snippet":"max-snippet:-1","max-image-preview":"max-image-preview:large","max-video-preview":"max-video-preview:-1"},"canonical":"https:\/\/gadgualaquiza.gob.ec\/web\/2022\/01\/07\/alcalde-se-reunio-con-ministro-de-mtop\/","og_locale":"es_ES","og_type":"article","og_title":"ALCALDE SE REUNI\u00d3 CON MINISTRO DE MTOP","og_description":"El mi\u00e9rcoles 5 de enero en la ciudad de Quito, [\u2026]","og_url":"https:\/\/gadgualaquiza.gob.ec\/web\/2022\/01\/07\/alcalde-se-reunio-con-ministro-de-mtop\/","og_site_name":"Gad Municipal de Gualaquiza","article_publisher":"https:\/\/www.facebook.com\/GADMGualaquiza\/","article_published_time":"2022-01-07T14:34:01+00:00","article_modified_time":"2022-01-07T14:34:07+00:00","og_image":[{"width":960,"height":540,"url":"https:\/\/gadgualaquiza.gob.ec\/web\/wp-content\/uploads\/2022\/01\/MINISTRO.jpg","type":"image\/jpeg"}],"author":"Fernando Pesantez","twitter_card":"summary_large_image","twitter_creator":"@gadgualaquiza","twitter_site":"@gadgualaquiza","twitter_misc":{"Escrito por":"Fernando Pesantez","Tiempo de lectura":"1 minuto"},"schema":{"@context":"https:\/\/schema.org","@graph":[{"@type":"Article","@id":"https:\/\/gadgualaquiza.gob.ec\/web\/2022\/01\/07\/alcalde-se-reunio-con-ministro-de-mtop\/#article","isPartOf":{"@id":"https:\/\/gadgualaquiza.gob.ec\/web\/2022\/01\/07\/alcalde-se-reunio-con-ministro-de-mtop\/"},"author":{"name":"Fernando Pesantez","@id":"https:\/\/gadgualaquiza.gob.ec\/web\/#\/schema\/person\/aa08bcd7909c6672766f9edcdd9e722f"},"headline":"ALCALDE SE REUNI\u00d3 CON MINISTRO DE MTOP","datePublished":"2022-01-07T14:34:01+00:00","dateModified":"2022-01-07T14:34:07+00:00","mainEntityOfPage":{"@id":"https:\/\/gadgualaquiza.gob.ec\/web\/2022\/01\/07\/alcalde-se-reunio-con-ministro-de-mtop\/"},"wordCount":216,"commentCount":0,"publisher":{"@id":"https:\/\/gadgualaquiza.gob.ec\/web\/#organization"},"image":{"@id":"https:\/\/gadgualaquiza.gob.ec\/web\/2022\/01\/07\/alcalde-se-reunio-con-ministro-de-mtop\/#primaryimage"},"thumbnailUrl":"https:\/\/gadgualaquiza.gob.ec\/web\/wp-content\/uploads\/2022\/01\/MINISTRO.jpg","articleSection":["ALCALDE","NOTICIAS RECIENTES"],"inLanguage":"es","potentialAction":[{"@type":"CommentAction","name":"Comment","target":["https:\/\/gadgualaquiza.gob.ec\/web\/2022\/01\/07\/alcalde-se-reunio-con-ministro-de-mtop\/#respond"]}]},{"@type":"WebPage","@id":"https:\/\/gadgualaquiza.gob.ec\/web\/2022\/01\/07\/alcalde-se-reunio-con-ministro-de-mtop\/","url":"https:\/\/gadgualaquiza.gob.ec\/web\/2022\/01\/07\/alcalde-se-reunio-con-ministro-de-mtop\/","name":"ALCALDE SE REUNI\u00d3 CON MINISTRO DE MTOP | Gad Municipal de Gualaquiza","isPartOf":{"@id":"https:\/\/gadgualaquiza.gob.ec\/web\/#website"},"primaryImageOfPage":{"@id":"https:\/\/gadgualaquiza.gob.ec\/web\/2022\/01\/07\/alcalde-se-reunio-con-ministro-de-mtop\/#primaryimage"},"image":{"@id":"https:\/\/gadgualaquiza.gob.ec\/web\/2022\/01\/07\/alcalde-se-reunio-con-ministro-de-mtop\/#primaryimage"},"thumbnailUrl":"https:\/\/gadgualaquiza.gob.ec\/web\/wp-content\/uploads\/2022\/01\/MINISTRO.jpg","datePublished":"2022-01-07T14:34:01+00:00","dateModified":"2022-01-07T14:34:07+00:00","breadcrumb":{"@id":"https:\/\/gadgualaquiza.gob.ec\/web\/2022\/01\/07\/alcalde-se-reunio-con-ministro-de-mtop\/#breadcrumb"},"inLanguage":"es","potentialAction":[{"@type":"ReadAction","target":["https:\/\/gadgualaquiza.gob.ec\/web\/2022\/01\/07\/alcalde-se-reunio-con-ministro-de-mtop\/"]}]},{"@type":"ImageObject","inLanguage":"es","@id":"https:\/\/gadgualaquiza.gob.ec\/web\/2022\/01\/07\/alcalde-se-reunio-con-ministro-de-mtop\/#primaryimage","url":"https:\/\/gadgualaquiza.gob.ec\/web\/wp-content\/uploads\/2022\/01\/MINISTRO.jpg","contentUrl":"https:\/\/gadgualaquiza.gob.ec\/web\/wp-content\/uploads\/2022\/01\/MINISTRO.jpg","width":960,"height":540},{"@type":"BreadcrumbList","@id":"https:\/\/gadgualaquiza.gob.ec\/web\/2022\/01\/07\/alcalde-se-reunio-con-ministro-de-mtop\/#breadcrumb","itemListElement":[{"@type":"ListItem","position":1,"name":"Portada","item":"https:\/\/gadgualaquiza.gob.ec\/web\/"},{"@type":"ListItem","position":2,"name":"ALCALDE SE REUNI\u00d3 CON MINISTRO DE MTOP"}]},{"@type":"WebSite","@id":"https:\/\/gadgualaquiza.gob.ec\/web\/#website","url":"https:\/\/gadgualaquiza.gob.ec\/web\/","name":"Gad Municipal de Gualaquiza","description":"Gualaquiza tiene futuro","publisher":{"@id":"https:\/\/gadgualaquiza.gob.ec\/web\/#organization"},"potentialAction":[{"@type":"SearchAction","target":{"@type":"EntryPoint","urlTemplate":"https:\/\/gadgualaquiza.gob.ec\/web\/?s={search_term_string}"},"query-input":"required name=search_term_string"}],"inLanguage":"es"},{"@type":"Organization","@id":"https:\/\/gadgualaquiza.gob.ec\/web\/#organization","name":"GAD Municipal de Gualaquiza","url":"https:\/\/gadgualaquiza.gob.ec\/web\/","logo":{"@type":"ImageObject","inLanguage":"es","@id":"https:\/\/gadgualaquiza.gob.ec\/web\/#\/schema\/logo\/image\/","url":"https:\/\/gadgualaquiza.gob.ec\/web\/wp-content\/uploads\/2018\/03\/logo.png","contentUrl":"https:\/\/gadgualaquiza.gob.ec\/web\/wp-content\/uploads\/2018\/03\/logo.png","width":378,"height":168,"caption":"GAD Municipal de Gualaquiza"},"image":{"@id":"https:\/\/gadgualaquiza.gob.ec\/web\/#\/schema\/logo\/image\/"},"sameAs":["https:\/\/www.facebook.com\/GADMGualaquiza\/","https:\/\/twitter.com\/gadgualaquiza","https:\/\/www.youtube.com\/channel\/UCevG9dVTc47am3Z-S4sgeRg\/videos?disable_polymer=1"]},{"@type":"Person","@id":"https:\/\/gadgualaquiza.gob.ec\/web\/#\/schema\/person\/aa08bcd7909c6672766f9edcdd9e722f","name":"Fernando Pesantez","image":{"@type":"ImageObject","inLanguage":"es","@id":"https:\/\/gadgualaquiza.gob.ec\/web\/#\/schema\/person\/image\/","url":"https:\/\/secure.gravatar.com\/avatar\/efb8a6cdb2ab57ff97c950283b2ffe44?s=96&d=mm&r=g","contentUrl":"https:\/\/secure.gravatar.com\/avatar\/efb8a6cdb2ab57ff97c950283b2ffe44?s=96&d=mm&r=g","caption":"Fernando Pesantez"},"sameAs":["http:\/\/www.gadgualaquiza.gob.ec"],"url":"https:\/\/gadgualaquiza.gob.ec\/web\/author\/fpesantez\/"}]}},"_links":{"self":[{"href":"https:\/\/gadgualaquiza.gob.ec\/web\/wp-json\/wp\/v2\/posts\/12888"}],"collection":[{"href":"https:\/\/gadgualaquiza.gob.ec\/web\/wp-json\/wp\/v2\/posts"}],"about":[{"href":"https:\/\/gadgualaquiza.gob.ec\/web\/wp-json\/wp\/v2\/types\/post"}],"author":[{"embeddable":true,"href":"https:\/\/gadgualaquiza.gob.ec\/web\/wp-json\/wp\/v2\/users\/2"}],"replies":[{"embeddable":true,"href":"https:\/\/gadgualaquiza.gob.ec\/web\/wp-json\/wp\/v2\/comments?post=12888"}],"version-history":[{"count":1,"href":"https:\/\/gadgualaquiza.gob.ec\/web\/wp-json\/wp\/v2\/posts\/12888\/revisions"}],"predecessor-version":[{"id":12890,"href":"https:\/\/gadgualaquiza.gob.ec\/web\/wp-json\/wp\/v2\/posts\/12888\/revisions\/12890"}],"wp:featuredmedia":[{"embeddable":true,"href":"https:\/\/gadgualaquiza.gob.ec\/web\/wp-json\/wp\/v2\/media\/12889"}],"wp:attachment":[{"href":"https:\/\/gadgualaquiza.gob.ec\/web\/wp-json\/wp\/v2\/media?parent=12888"}],"wp:term":[{"taxonomy":"category","embeddable":true,"href":"https:\/\/gadgualaquiza.gob.ec\/web\/wp-json\/wp\/v2\/categories?post=12888"},{"taxonomy":"post_tag","embeddable":true,"href":"https:\/\/gadgualaquiza.gob.ec\/web\/wp-json\/wp\/v2\/tags?post=12888"}],"curies":[{"name":"wp","href":"https:\/\/api.w.org\/{rel}","templated":true}]}}