{"id":12622,"date":"2021-11-18T09:47:03","date_gmt":"2021-11-18T14:47:03","guid":{"rendered":"https:\/\/gadgualaquiza.gob.ec\/web\/?p=12622"},"modified":"2021-11-18T09:47:09","modified_gmt":"2021-11-18T14:47:09","slug":"7-nuevas-marcas-gualaquicenses-buscan-obtener-la-notificacion-sanitaria","status":"publish","type":"post","link":"https:\/\/gadgualaquiza.gob.ec\/web\/2021\/11\/18\/7-nuevas-marcas-gualaquicenses-buscan-obtener-la-notificacion-sanitaria\/","title":{"rendered":"7 NUEVAS MARCAS GUALAQUICENSES BUSCAN OBTENER LA NOTIFICACI\u00d3N SANITARIA"},"content":{"rendered":"\n<p>Este 17 de noviembre, un grupo de emprendedores recibieron la capacitaci\u00f3n para obtener, la notificaci\u00f3n sanitaria obligatoria, por parte del Ministerio de Agricultura y Ganader\u00eda (MAG). Esto, como parte de las pol\u00edticas, de fomento al emprendimiento que impulsa el Municipio de Gualaquiza de manera coordinada con la Asociaci\u00f3n y el MAG.<\/p>\n\n\n\n<p>Gualaquiza, es el segundo cant\u00f3n con mayor n\u00famero de emprendimientos que han logrado obtener la notificaci\u00f3n sanitaria, este requisito permite que nuestros emprendedores puedan comercializar sus productos a nivel nacional, en las diferentes cadenas de supermercados. Esta exigencia se aplica a los productos procesados con valor agregado.<\/p>\n\n\n\n<p>Este fue el primer acercamiento en cumplimiento a un ofrecimiento realizado por el Ing. Francis Pav\u00f3n, alcalde de Gualaquiza, durante las festividades de agosto y en las pr\u00f3ximas semanas iniciar\u00e1 un proceso de formaci\u00f3n de: buenas pr\u00e1cticas de manufactura, dise\u00f1o de marca, paqueter\u00eda, almacenamiento y distribuci\u00f3n.<\/p>\n\n\n\n<p>Esto es posible gracias al apoyo de MAG, con el objetivo de ofrecer productos gualaquicenses sanos y que cumplan las normativas vigentes.<\/p>\n","protected":false},"excerpt":{"rendered":"<p>Este 17 de noviembre, un grupo de emprendedores recibieron la<span class=\"excerpt-hellip\"> [\u2026]<\/span><\/p>\n","protected":false},"author":2,"featured_media":12623,"comment_status":"open","ping_status":"open","sticky":false,"template":"","format":"standard","meta":{"footnotes":""},"categories":[8],"tags":[],"yoast_head":"<!-- This site is optimized with the Yoast SEO Premium plugin v19.7 (Yoast SEO v22.4) - https:\/\/yoast.com\/wordpress\/plugins\/seo\/ -->\n<title>7 NUEVAS MARCAS GUALAQUICENSES BUSCAN OBTENER LA NOTIFICACI\u00d3N SANITARIA | Gad Municipal de Gualaquiza<\/title>\n<meta name=\"robots\" content=\"index, follow, max-snippet:-1, max-image-preview:large, max-video-preview:-1\" \/>\n<link rel=\"canonical\" href=\"https:\/\/gadgualaquiza.gob.ec\/web\/2021\/11\/18\/7-nuevas-marcas-gualaquicenses-buscan-obtener-la-notificacion-sanitaria\/\" \/>\n<meta property=\"og:locale\" content=\"es_ES\" \/>\n<meta property=\"og:type\" content=\"article\" \/>\n<meta property=\"og:title\" content=\"7 NUEVAS MARCAS GUALAQUICENSES BUSCAN OBTENER LA NOTIFICACI\u00d3N SANITARIA\" \/>\n<meta property=\"og:description\" content=\"Este 17 de noviembre, un grupo de emprendedores recibieron la [\u2026]\" \/>\n<meta property=\"og:url\" content=\"https:\/\/gadgualaquiza.gob.ec\/web\/2021\/11\/18\/7-nuevas-marcas-gualaquicenses-buscan-obtener-la-notificacion-sanitaria\/\" \/>\n<meta property=\"og:site_name\" content=\"Gad Municipal de Gualaquiza\" \/>\n<meta property=\"article:publisher\" content=\"https:\/\/www.facebook.com\/GADMGualaquiza\/\" \/>\n<meta property=\"article:published_time\" content=\"2021-11-18T14:47:03+00:00\" \/>\n<meta property=\"article:modified_time\" content=\"2021-11-18T14:47:09+00:00\" \/>\n<meta property=\"og:image\" content=\"https:\/\/gadgualaquiza.gob.ec\/web\/wp-content\/uploads\/2021\/11\/MARCAS.jpg\" \/>\n\t<meta property=\"og:image:width\" content=\"1024\" \/>\n\t<meta property=\"og:image:height\" content=\"1022\" \/>\n\t<meta property=\"og:image:type\" content=\"image\/jpeg\" \/>\n<meta name=\"author\" content=\"Fernando Pesantez\" \/>\n<meta name=\"twitter:card\" content=\"summary_large_image\" \/>\n<meta name=\"twitter:creator\" content=\"@gadgualaquiza\" \/>\n<meta name=\"twitter:site\" content=\"@gadgualaquiza\" \/>\n<meta name=\"twitter:label1\" content=\"Escrito por\" \/>\n\t<meta name=\"twitter:data1\" content=\"Fernando Pesantez\" \/>\n\t<meta name=\"twitter:label2\" content=\"Tiempo de lectura\" \/>\n\t<meta name=\"twitter:data2\" content=\"1 minuto\" \/>\n<script type=\"application\/ld+json\" class=\"yoast-schema-graph\">{\"@context\":\"https:\/\/schema.org\",\"@graph\":[{\"@type\":\"Article\",\"@id\":\"https:\/\/gadgualaquiza.gob.ec\/web\/2021\/11\/18\/7-nuevas-marcas-gualaquicenses-buscan-obtener-la-notificacion-sanitaria\/#article\",\"isPartOf\":{\"@id\":\"https:\/\/gadgualaquiza.gob.ec\/web\/2021\/11\/18\/7-nuevas-marcas-gualaquicenses-buscan-obtener-la-notificacion-sanitaria\/\"},\"author\":{\"name\":\"Fernando Pesantez\",\"@id\":\"https:\/\/gadgualaquiza.gob.ec\/web\/#\/schema\/person\/aa08bcd7909c6672766f9edcdd9e722f\"},\"headline\":\"7 NUEVAS MARCAS GUALAQUICENSES BUSCAN OBTENER LA NOTIFICACI\u00d3N SANITARIA\",\"datePublished\":\"2021-11-18T14:47:03+00:00\",\"dateModified\":\"2021-11-18T14:47:09+00:00\",\"mainEntityOfPage\":{\"@id\":\"https:\/\/gadgualaquiza.gob.ec\/web\/2021\/11\/18\/7-nuevas-marcas-gualaquicenses-buscan-obtener-la-notificacion-sanitaria\/\"},\"wordCount\":189,\"commentCount\":0,\"publisher\":{\"@id\":\"https:\/\/gadgualaquiza.gob.ec\/web\/#organization\"},\"image\":{\"@id\":\"https:\/\/gadgualaquiza.gob.ec\/web\/2021\/11\/18\/7-nuevas-marcas-gualaquicenses-buscan-obtener-la-notificacion-sanitaria\/#primaryimage\"},\"thumbnailUrl\":\"https:\/\/gadgualaquiza.gob.ec\/web\/wp-content\/uploads\/2021\/11\/MARCAS.jpg\",\"articleSection\":[\"NOTICIAS RECIENTES\"],\"inLanguage\":\"es\",\"potentialAction\":[{\"@type\":\"CommentAction\",\"name\":\"Comment\",\"target\":[\"https:\/\/gadgualaquiza.gob.ec\/web\/2021\/11\/18\/7-nuevas-marcas-gualaquicenses-buscan-obtener-la-notificacion-sanitaria\/#respond\"]}]},{\"@type\":\"WebPage\",\"@id\":\"https:\/\/gadgualaquiza.gob.ec\/web\/2021\/11\/18\/7-nuevas-marcas-gualaquicenses-buscan-obtener-la-notificacion-sanitaria\/\",\"url\":\"https:\/\/gadgualaquiza.gob.ec\/web\/2021\/11\/18\/7-nuevas-marcas-gualaquicenses-buscan-obtener-la-notificacion-sanitaria\/\",\"name\":\"7 NUEVAS MARCAS GUALAQUICENSES BUSCAN OBTENER LA NOTIFICACI\u00d3N SANITARIA | Gad Municipal de Gualaquiza\",\"isPartOf\":{\"@id\":\"https:\/\/gadgualaquiza.gob.ec\/web\/#website\"},\"primaryImageOfPage\":{\"@id\":\"https:\/\/gadgualaquiza.gob.ec\/web\/2021\/11\/18\/7-nuevas-marcas-gualaquicenses-buscan-obtener-la-notificacion-sanitaria\/#primaryimage\"},\"image\":{\"@id\":\"https:\/\/gadgualaquiza.gob.ec\/web\/2021\/11\/18\/7-nuevas-marcas-gualaquicenses-buscan-obtener-la-notificacion-sanitaria\/#primaryimage\"},\"thumbnailUrl\":\"https:\/\/gadgualaquiza.gob.ec\/web\/wp-content\/uploads\/2021\/11\/MARCAS.jpg\",\"datePublished\":\"2021-11-18T14:47:03+00:00\",\"dateModified\":\"2021-11-18T14:47:09+00:00\",\"breadcrumb\":{\"@id\":\"https:\/\/gadgualaquiza.gob.ec\/web\/2021\/11\/18\/7-nuevas-marcas-gualaquicenses-buscan-obtener-la-notificacion-sanitaria\/#breadcrumb\"},\"inLanguage\":\"es\",\"potentialAction\":[{\"@type\":\"ReadAction\",\"target\":[\"https:\/\/gadgualaquiza.gob.ec\/web\/2021\/11\/18\/7-nuevas-marcas-gualaquicenses-buscan-obtener-la-notificacion-sanitaria\/\"]}]},{\"@type\":\"ImageObject\",\"inLanguage\":\"es\",\"@id\":\"https:\/\/gadgualaquiza.gob.ec\/web\/2021\/11\/18\/7-nuevas-marcas-gualaquicenses-buscan-obtener-la-notificacion-sanitaria\/#primaryimage\",\"url\":\"https:\/\/gadgualaquiza.gob.ec\/web\/wp-content\/uploads\/2021\/11\/MARCAS.jpg\",\"contentUrl\":\"https:\/\/gadgualaquiza.gob.ec\/web\/wp-content\/uploads\/2021\/11\/MARCAS.jpg\",\"width\":1024,\"height\":1022},{\"@type\":\"BreadcrumbList\",\"@id\":\"https:\/\/gadgualaquiza.gob.ec\/web\/2021\/11\/18\/7-nuevas-marcas-gualaquicenses-buscan-obtener-la-notificacion-sanitaria\/#breadcrumb\",\"itemListElement\":[{\"@type\":\"ListItem\",\"position\":1,\"name\":\"Portada\",\"item\":\"https:\/\/gadgualaquiza.gob.ec\/web\/\"},{\"@type\":\"ListItem\",\"position\":2,\"name\":\"7 NUEVAS MARCAS GUALAQUICENSES BUSCAN OBTENER LA NOTIFICACI\u00d3N SANITARIA\"}]},{\"@type\":\"WebSite\",\"@id\":\"https:\/\/gadgualaquiza.gob.ec\/web\/#website\",\"url\":\"https:\/\/gadgualaquiza.gob.ec\/web\/\",\"name\":\"Gad Municipal de Gualaquiza\",\"description\":\"Gualaquiza tiene futuro\",\"publisher\":{\"@id\":\"https:\/\/gadgualaquiza.gob.ec\/web\/#organization\"},\"potentialAction\":[{\"@type\":\"SearchAction\",\"target\":{\"@type\":\"EntryPoint\",\"urlTemplate\":\"https:\/\/gadgualaquiza.gob.ec\/web\/?s={search_term_string}\"},\"query-input\":\"required name=search_term_string\"}],\"inLanguage\":\"es\"},{\"@type\":\"Organization\",\"@id\":\"https:\/\/gadgualaquiza.gob.ec\/web\/#organization\",\"name\":\"GAD Municipal de Gualaquiza\",\"url\":\"https:\/\/gadgualaquiza.gob.ec\/web\/\",\"logo\":{\"@type\":\"ImageObject\",\"inLanguage\":\"es\",\"@id\":\"https:\/\/gadgualaquiza.gob.ec\/web\/#\/schema\/logo\/image\/\",\"url\":\"https:\/\/gadgualaquiza.gob.ec\/web\/wp-content\/uploads\/2018\/03\/logo.png\",\"contentUrl\":\"https:\/\/gadgualaquiza.gob.ec\/web\/wp-content\/uploads\/2018\/03\/logo.png\",\"width\":378,\"height\":168,\"caption\":\"GAD Municipal de Gualaquiza\"},\"image\":{\"@id\":\"https:\/\/gadgualaquiza.gob.ec\/web\/#\/schema\/logo\/image\/\"},\"sameAs\":[\"https:\/\/www.facebook.com\/GADMGualaquiza\/\",\"https:\/\/twitter.com\/gadgualaquiza\",\"https:\/\/www.youtube.com\/channel\/UCevG9dVTc47am3Z-S4sgeRg\/videos?disable_polymer=1\"]},{\"@type\":\"Person\",\"@id\":\"https:\/\/gadgualaquiza.gob.ec\/web\/#\/schema\/person\/aa08bcd7909c6672766f9edcdd9e722f\",\"name\":\"Fernando Pesantez\",\"image\":{\"@type\":\"ImageObject\",\"inLanguage\":\"es\",\"@id\":\"https:\/\/gadgualaquiza.gob.ec\/web\/#\/schema\/person\/image\/\",\"url\":\"https:\/\/secure.gravatar.com\/avatar\/efb8a6cdb2ab57ff97c950283b2ffe44?s=96&d=mm&r=g\",\"contentUrl\":\"https:\/\/secure.gravatar.com\/avatar\/efb8a6cdb2ab57ff97c950283b2ffe44?s=96&d=mm&r=g\",\"caption\":\"Fernando Pesantez\"},\"sameAs\":[\"http:\/\/www.gadgualaquiza.gob.ec\"],\"url\":\"https:\/\/gadgualaquiza.gob.ec\/web\/author\/fpesantez\/\"}]}<\/script>\n<!-- \/ Yoast SEO Premium plugin. -->","yoast_head_json":{"title":"7 NUEVAS MARCAS GUALAQUICENSES BUSCAN OBTENER LA NOTIFICACI\u00d3N SANITARIA | Gad Municipal de Gualaquiza","robots":{"index":"index","follow":"follow","max-snippet":"max-snippet:-1","max-image-preview":"max-image-preview:large","max-video-preview":"max-video-preview:-1"},"canonical":"https:\/\/gadgualaquiza.gob.ec\/web\/2021\/11\/18\/7-nuevas-marcas-gualaquicenses-buscan-obtener-la-notificacion-sanitaria\/","og_locale":"es_ES","og_type":"article","og_title":"7 NUEVAS MARCAS GUALAQUICENSES BUSCAN OBTENER LA NOTIFICACI\u00d3N SANITARIA","og_description":"Este 17 de noviembre, un grupo de emprendedores recibieron la [\u2026]","og_url":"https:\/\/gadgualaquiza.gob.ec\/web\/2021\/11\/18\/7-nuevas-marcas-gualaquicenses-buscan-obtener-la-notificacion-sanitaria\/","og_site_name":"Gad Municipal de Gualaquiza","article_publisher":"https:\/\/www.facebook.com\/GADMGualaquiza\/","article_published_time":"2021-11-18T14:47:03+00:00","article_modified_time":"2021-11-18T14:47:09+00:00","og_image":[{"width":1024,"height":1022,"url":"https:\/\/gadgualaquiza.gob.ec\/web\/wp-content\/uploads\/2021\/11\/MARCAS.jpg","type":"image\/jpeg"}],"author":"Fernando Pesantez","twitter_card":"summary_large_image","twitter_creator":"@gadgualaquiza","twitter_site":"@gadgualaquiza","twitter_misc":{"Escrito por":"Fernando Pesantez","Tiempo de lectura":"1 minuto"},"schema":{"@context":"https:\/\/schema.org","@graph":[{"@type":"Article","@id":"https:\/\/gadgualaquiza.gob.ec\/web\/2021\/11\/18\/7-nuevas-marcas-gualaquicenses-buscan-obtener-la-notificacion-sanitaria\/#article","isPartOf":{"@id":"https:\/\/gadgualaquiza.gob.ec\/web\/2021\/11\/18\/7-nuevas-marcas-gualaquicenses-buscan-obtener-la-notificacion-sanitaria\/"},"author":{"name":"Fernando Pesantez","@id":"https:\/\/gadgualaquiza.gob.ec\/web\/#\/schema\/person\/aa08bcd7909c6672766f9edcdd9e722f"},"headline":"7 NUEVAS MARCAS GUALAQUICENSES BUSCAN OBTENER LA NOTIFICACI\u00d3N SANITARIA","datePublished":"2021-11-18T14:47:03+00:00","dateModified":"2021-11-18T14:47:09+00:00","mainEntityOfPage":{"@id":"https:\/\/gadgualaquiza.gob.ec\/web\/2021\/11\/18\/7-nuevas-marcas-gualaquicenses-buscan-obtener-la-notificacion-sanitaria\/"},"wordCount":189,"commentCount":0,"publisher":{"@id":"https:\/\/gadgualaquiza.gob.ec\/web\/#organization"},"image":{"@id":"https:\/\/gadgualaquiza.gob.ec\/web\/2021\/11\/18\/7-nuevas-marcas-gualaquicenses-buscan-obtener-la-notificacion-sanitaria\/#primaryimage"},"thumbnailUrl":"https:\/\/gadgualaquiza.gob.ec\/web\/wp-content\/uploads\/2021\/11\/MARCAS.jpg","articleSection":["NOTICIAS RECIENTES"],"inLanguage":"es","potentialAction":[{"@type":"CommentAction","name":"Comment","target":["https:\/\/gadgualaquiza.gob.ec\/web\/2021\/11\/18\/7-nuevas-marcas-gualaquicenses-buscan-obtener-la-notificacion-sanitaria\/#respond"]}]},{"@type":"WebPage","@id":"https:\/\/gadgualaquiza.gob.ec\/web\/2021\/11\/18\/7-nuevas-marcas-gualaquicenses-buscan-obtener-la-notificacion-sanitaria\/","url":"https:\/\/gadgualaquiza.gob.ec\/web\/2021\/11\/18\/7-nuevas-marcas-gualaquicenses-buscan-obtener-la-notificacion-sanitaria\/","name":"7 NUEVAS MARCAS GUALAQUICENSES BUSCAN OBTENER LA NOTIFICACI\u00d3N SANITARIA | Gad Municipal de Gualaquiza","isPartOf":{"@id":"https:\/\/gadgualaquiza.gob.ec\/web\/#website"},"primaryImageOfPage":{"@id":"https:\/\/gadgualaquiza.gob.ec\/web\/2021\/11\/18\/7-nuevas-marcas-gualaquicenses-buscan-obtener-la-notificacion-sanitaria\/#primaryimage"},"image":{"@id":"https:\/\/gadgualaquiza.gob.ec\/web\/2021\/11\/18\/7-nuevas-marcas-gualaquicenses-buscan-obtener-la-notificacion-sanitaria\/#primaryimage"},"thumbnailUrl":"https:\/\/gadgualaquiza.gob.ec\/web\/wp-content\/uploads\/2021\/11\/MARCAS.jpg","datePublished":"2021-11-18T14:47:03+00:00","dateModified":"2021-11-18T14:47:09+00:00","breadcrumb":{"@id":"https:\/\/gadgualaquiza.gob.ec\/web\/2021\/11\/18\/7-nuevas-marcas-gualaquicenses-buscan-obtener-la-notificacion-sanitaria\/#breadcrumb"},"inLanguage":"es","potentialAction":[{"@type":"ReadAction","target":["https:\/\/gadgualaquiza.gob.ec\/web\/2021\/11\/18\/7-nuevas-marcas-gualaquicenses-buscan-obtener-la-notificacion-sanitaria\/"]}]},{"@type":"ImageObject","inLanguage":"es","@id":"https:\/\/gadgualaquiza.gob.ec\/web\/2021\/11\/18\/7-nuevas-marcas-gualaquicenses-buscan-obtener-la-notificacion-sanitaria\/#primaryimage","url":"https:\/\/gadgualaquiza.gob.ec\/web\/wp-content\/uploads\/2021\/11\/MARCAS.jpg","contentUrl":"https:\/\/gadgualaquiza.gob.ec\/web\/wp-content\/uploads\/2021\/11\/MARCAS.jpg","width":1024,"height":1022},{"@type":"BreadcrumbList","@id":"https:\/\/gadgualaquiza.gob.ec\/web\/2021\/11\/18\/7-nuevas-marcas-gualaquicenses-buscan-obtener-la-notificacion-sanitaria\/#breadcrumb","itemListElement":[{"@type":"ListItem","position":1,"name":"Portada","item":"https:\/\/gadgualaquiza.gob.ec\/web\/"},{"@type":"ListItem","position":2,"name":"7 NUEVAS MARCAS GUALAQUICENSES BUSCAN OBTENER LA NOTIFICACI\u00d3N SANITARIA"}]},{"@type":"WebSite","@id":"https:\/\/gadgualaquiza.gob.ec\/web\/#website","url":"https:\/\/gadgualaquiza.gob.ec\/web\/","name":"Gad Municipal de Gualaquiza","description":"Gualaquiza tiene futuro","publisher":{"@id":"https:\/\/gadgualaquiza.gob.ec\/web\/#organization"},"potentialAction":[{"@type":"SearchAction","target":{"@type":"EntryPoint","urlTemplate":"https:\/\/gadgualaquiza.gob.ec\/web\/?s={search_term_string}"},"query-input":"required name=search_term_string"}],"inLanguage":"es"},{"@type":"Organization","@id":"https:\/\/gadgualaquiza.gob.ec\/web\/#organization","name":"GAD Municipal de Gualaquiza","url":"https:\/\/gadgualaquiza.gob.ec\/web\/","logo":{"@type":"ImageObject","inLanguage":"es","@id":"https:\/\/gadgualaquiza.gob.ec\/web\/#\/schema\/logo\/image\/","url":"https:\/\/gadgualaquiza.gob.ec\/web\/wp-content\/uploads\/2018\/03\/logo.png","contentUrl":"https:\/\/gadgualaquiza.gob.ec\/web\/wp-content\/uploads\/2018\/03\/logo.png","width":378,"height":168,"caption":"GAD Municipal de Gualaquiza"},"image":{"@id":"https:\/\/gadgualaquiza.gob.ec\/web\/#\/schema\/logo\/image\/"},"sameAs":["https:\/\/www.facebook.com\/GADMGualaquiza\/","https:\/\/twitter.com\/gadgualaquiza","https:\/\/www.youtube.com\/channel\/UCevG9dVTc47am3Z-S4sgeRg\/videos?disable_polymer=1"]},{"@type":"Person","@id":"https:\/\/gadgualaquiza.gob.ec\/web\/#\/schema\/person\/aa08bcd7909c6672766f9edcdd9e722f","name":"Fernando Pesantez","image":{"@type":"ImageObject","inLanguage":"es","@id":"https:\/\/gadgualaquiza.gob.ec\/web\/#\/schema\/person\/image\/","url":"https:\/\/secure.gravatar.com\/avatar\/efb8a6cdb2ab57ff97c950283b2ffe44?s=96&d=mm&r=g","contentUrl":"https:\/\/secure.gravatar.com\/avatar\/efb8a6cdb2ab57ff97c950283b2ffe44?s=96&d=mm&r=g","caption":"Fernando Pesantez"},"sameAs":["http:\/\/www.gadgualaquiza.gob.ec"],"url":"https:\/\/gadgualaquiza.gob.ec\/web\/author\/fpesantez\/"}]}},"_links":{"self":[{"href":"https:\/\/gadgualaquiza.gob.ec\/web\/wp-json\/wp\/v2\/posts\/12622"}],"collection":[{"href":"https:\/\/gadgualaquiza.gob.ec\/web\/wp-json\/wp\/v2\/posts"}],"about":[{"href":"https:\/\/gadgualaquiza.gob.ec\/web\/wp-json\/wp\/v2\/types\/post"}],"author":[{"embeddable":true,"href":"https:\/\/gadgualaquiza.gob.ec\/web\/wp-json\/wp\/v2\/users\/2"}],"replies":[{"embeddable":true,"href":"https:\/\/gadgualaquiza.gob.ec\/web\/wp-json\/wp\/v2\/comments?post=12622"}],"version-history":[{"count":1,"href":"https:\/\/gadgualaquiza.gob.ec\/web\/wp-json\/wp\/v2\/posts\/12622\/revisions"}],"predecessor-version":[{"id":12624,"href":"https:\/\/gadgualaquiza.gob.ec\/web\/wp-json\/wp\/v2\/posts\/12622\/revisions\/12624"}],"wp:featuredmedia":[{"embeddable":true,"href":"https:\/\/gadgualaquiza.gob.ec\/web\/wp-json\/wp\/v2\/media\/12623"}],"wp:attachment":[{"href":"https:\/\/gadgualaquiza.gob.ec\/web\/wp-json\/wp\/v2\/media?parent=12622"}],"wp:term":[{"taxonomy":"category","embeddable":true,"href":"https:\/\/gadgualaquiza.gob.ec\/web\/wp-json\/wp\/v2\/categories?post=12622"},{"taxonomy":"post_tag","embeddable":true,"href":"https:\/\/gadgualaquiza.gob.ec\/web\/wp-json\/wp\/v2\/tags?post=12622"}],"curies":[{"name":"wp","href":"https:\/\/api.w.org\/{rel}","templated":true}]}}