{"id":10907,"date":"2021-03-24T11:46:35","date_gmt":"2021-03-24T16:46:35","guid":{"rendered":"https:\/\/gadgualaquiza.gob.ec\/web\/?p=10907"},"modified":"2021-03-24T11:46:42","modified_gmt":"2021-03-24T16:46:42","slug":"carrera-nocturna-yamaram-nua-ii-edicion","status":"publish","type":"post","link":"https:\/\/gadgualaquiza.gob.ec\/web\/2021\/03\/24\/carrera-nocturna-yamaram-nua-ii-edicion\/","title":{"rendered":"CARRERA NOCTURNA YAMARAM NUA II EDICI\u00d3N"},"content":{"rendered":"\n<p>Se desarroll\u00f3 la II carrera nocturna \u00abYAMARAM NUA\u00bb en el marco del D\u00eda Internacional de la Mujer.<\/p>\n\n\n\n<p>El s\u00e1bado 13 de marzo el Consejo Cantonal de Protecci\u00f3n de Derechos realiz\u00f3 la carrera nocturna denominada \u00abYAMARAM NUA\u00bb por motivo de celebrar el D\u00eda Internacional de la Mujer, hombres y mujeres se dieron cita al Parque H\u00e9roes del Cenepa, en donde inici\u00f3 esta carrera, para luego de recorrer aproximadamente 5km por varias calles y avenidas de la ciudad hasta llegar al espacio cubierto del barrio La Uni\u00f3n, en donde se llev\u00f3 a efecto un evento socio cultural.<\/p>\n\n\n\n<p>Charlas motivacionales, sorteos y serenatas a la mujer fueron parte de este evento, que al decir de los asistentes es una iniciativa para resaltar el rol que juegan las mujeres en la sociedad.<\/p>\n\n\n\n<p>En su intervenci\u00f3n la Lic. Piedad Wampash, Vicealcaldesa de Gualaquiza felicit\u00f3 la organizaci\u00f3n del evento, resalt\u00f3 el trabajo de la mujer rural y motiv\u00f3 a todas las mujeres gualaquicenses a seguir en la lucha por la igualdad de derechos y por construir una sociedad libre de violencia. <\/p>\n","protected":false},"excerpt":{"rendered":"<p>Se desarroll\u00f3 la II carrera nocturna \u00abYAMARAM NUA\u00bb en el<span class=\"excerpt-hellip\"> [\u2026]<\/span><\/p>\n","protected":false},"author":2,"featured_media":10908,"comment_status":"open","ping_status":"open","sticky":false,"template":"","format":"standard","meta":{"footnotes":""},"categories":[2,6,8],"tags":[],"yoast_head":"<!-- This site is optimized with the Yoast SEO Premium plugin v19.7 (Yoast SEO v22.4) - https:\/\/yoast.com\/wordpress\/plugins\/seo\/ -->\n<title>CARRERA NOCTURNA YAMARAM NUA II EDICI\u00d3N | Gad Municipal de Gualaquiza<\/title>\n<meta name=\"robots\" content=\"index, follow, max-snippet:-1, max-image-preview:large, max-video-preview:-1\" \/>\n<link rel=\"canonical\" href=\"https:\/\/gadgualaquiza.gob.ec\/web\/2021\/03\/24\/carrera-nocturna-yamaram-nua-ii-edicion\/\" \/>\n<meta property=\"og:locale\" content=\"es_ES\" \/>\n<meta property=\"og:type\" content=\"article\" \/>\n<meta property=\"og:title\" content=\"CARRERA NOCTURNA YAMARAM NUA II EDICI\u00d3N\" \/>\n<meta property=\"og:description\" content=\"Se desarroll\u00f3 la II carrera nocturna \u00abYAMARAM NUA\u00bb en el [\u2026]\" \/>\n<meta property=\"og:url\" content=\"https:\/\/gadgualaquiza.gob.ec\/web\/2021\/03\/24\/carrera-nocturna-yamaram-nua-ii-edicion\/\" \/>\n<meta property=\"og:site_name\" content=\"Gad Municipal de Gualaquiza\" \/>\n<meta property=\"article:publisher\" content=\"https:\/\/www.facebook.com\/GADMGualaquiza\/\" \/>\n<meta property=\"article:published_time\" content=\"2021-03-24T16:46:35+00:00\" \/>\n<meta property=\"article:modified_time\" content=\"2021-03-24T16:46:42+00:00\" \/>\n<meta property=\"og:image\" content=\"https:\/\/gadgualaquiza.gob.ec\/web\/wp-content\/uploads\/2021\/03\/CARRERA.jpg\" \/>\n\t<meta property=\"og:image:width\" content=\"960\" \/>\n\t<meta property=\"og:image:height\" content=\"733\" \/>\n\t<meta property=\"og:image:type\" content=\"image\/jpeg\" \/>\n<meta name=\"author\" content=\"Fernando Pesantez\" \/>\n<meta name=\"twitter:card\" content=\"summary_large_image\" \/>\n<meta name=\"twitter:creator\" content=\"@gadgualaquiza\" \/>\n<meta name=\"twitter:site\" content=\"@gadgualaquiza\" \/>\n<meta name=\"twitter:label1\" content=\"Escrito por\" \/>\n\t<meta name=\"twitter:data1\" content=\"Fernando Pesantez\" \/>\n\t<meta name=\"twitter:label2\" content=\"Tiempo de lectura\" \/>\n\t<meta name=\"twitter:data2\" content=\"1 minuto\" \/>\n<script type=\"application\/ld+json\" class=\"yoast-schema-graph\">{\"@context\":\"https:\/\/schema.org\",\"@graph\":[{\"@type\":\"Article\",\"@id\":\"https:\/\/gadgualaquiza.gob.ec\/web\/2021\/03\/24\/carrera-nocturna-yamaram-nua-ii-edicion\/#article\",\"isPartOf\":{\"@id\":\"https:\/\/gadgualaquiza.gob.ec\/web\/2021\/03\/24\/carrera-nocturna-yamaram-nua-ii-edicion\/\"},\"author\":{\"name\":\"Fernando Pesantez\",\"@id\":\"https:\/\/gadgualaquiza.gob.ec\/web\/#\/schema\/person\/aa08bcd7909c6672766f9edcdd9e722f\"},\"headline\":\"CARRERA NOCTURNA YAMARAM NUA II EDICI\u00d3N\",\"datePublished\":\"2021-03-24T16:46:35+00:00\",\"dateModified\":\"2021-03-24T16:46:42+00:00\",\"mainEntityOfPage\":{\"@id\":\"https:\/\/gadgualaquiza.gob.ec\/web\/2021\/03\/24\/carrera-nocturna-yamaram-nua-ii-edicion\/\"},\"wordCount\":189,\"commentCount\":0,\"publisher\":{\"@id\":\"https:\/\/gadgualaquiza.gob.ec\/web\/#organization\"},\"image\":{\"@id\":\"https:\/\/gadgualaquiza.gob.ec\/web\/2021\/03\/24\/carrera-nocturna-yamaram-nua-ii-edicion\/#primaryimage\"},\"thumbnailUrl\":\"https:\/\/gadgualaquiza.gob.ec\/web\/wp-content\/uploads\/2021\/03\/CARRERA.jpg\",\"articleSection\":[\"COMUNIDAD\",\"DEPORTES\",\"NOTICIAS RECIENTES\"],\"inLanguage\":\"es\",\"potentialAction\":[{\"@type\":\"CommentAction\",\"name\":\"Comment\",\"target\":[\"https:\/\/gadgualaquiza.gob.ec\/web\/2021\/03\/24\/carrera-nocturna-yamaram-nua-ii-edicion\/#respond\"]}]},{\"@type\":\"WebPage\",\"@id\":\"https:\/\/gadgualaquiza.gob.ec\/web\/2021\/03\/24\/carrera-nocturna-yamaram-nua-ii-edicion\/\",\"url\":\"https:\/\/gadgualaquiza.gob.ec\/web\/2021\/03\/24\/carrera-nocturna-yamaram-nua-ii-edicion\/\",\"name\":\"CARRERA NOCTURNA YAMARAM NUA II EDICI\u00d3N | Gad Municipal de Gualaquiza\",\"isPartOf\":{\"@id\":\"https:\/\/gadgualaquiza.gob.ec\/web\/#website\"},\"primaryImageOfPage\":{\"@id\":\"https:\/\/gadgualaquiza.gob.ec\/web\/2021\/03\/24\/carrera-nocturna-yamaram-nua-ii-edicion\/#primaryimage\"},\"image\":{\"@id\":\"https:\/\/gadgualaquiza.gob.ec\/web\/2021\/03\/24\/carrera-nocturna-yamaram-nua-ii-edicion\/#primaryimage\"},\"thumbnailUrl\":\"https:\/\/gadgualaquiza.gob.ec\/web\/wp-content\/uploads\/2021\/03\/CARRERA.jpg\",\"datePublished\":\"2021-03-24T16:46:35+00:00\",\"dateModified\":\"2021-03-24T16:46:42+00:00\",\"breadcrumb\":{\"@id\":\"https:\/\/gadgualaquiza.gob.ec\/web\/2021\/03\/24\/carrera-nocturna-yamaram-nua-ii-edicion\/#breadcrumb\"},\"inLanguage\":\"es\",\"potentialAction\":[{\"@type\":\"ReadAction\",\"target\":[\"https:\/\/gadgualaquiza.gob.ec\/web\/2021\/03\/24\/carrera-nocturna-yamaram-nua-ii-edicion\/\"]}]},{\"@type\":\"ImageObject\",\"inLanguage\":\"es\",\"@id\":\"https:\/\/gadgualaquiza.gob.ec\/web\/2021\/03\/24\/carrera-nocturna-yamaram-nua-ii-edicion\/#primaryimage\",\"url\":\"https:\/\/gadgualaquiza.gob.ec\/web\/wp-content\/uploads\/2021\/03\/CARRERA.jpg\",\"contentUrl\":\"https:\/\/gadgualaquiza.gob.ec\/web\/wp-content\/uploads\/2021\/03\/CARRERA.jpg\",\"width\":960,\"height\":733},{\"@type\":\"BreadcrumbList\",\"@id\":\"https:\/\/gadgualaquiza.gob.ec\/web\/2021\/03\/24\/carrera-nocturna-yamaram-nua-ii-edicion\/#breadcrumb\",\"itemListElement\":[{\"@type\":\"ListItem\",\"position\":1,\"name\":\"Portada\",\"item\":\"https:\/\/gadgualaquiza.gob.ec\/web\/\"},{\"@type\":\"ListItem\",\"position\":2,\"name\":\"CARRERA NOCTURNA YAMARAM NUA II EDICI\u00d3N\"}]},{\"@type\":\"WebSite\",\"@id\":\"https:\/\/gadgualaquiza.gob.ec\/web\/#website\",\"url\":\"https:\/\/gadgualaquiza.gob.ec\/web\/\",\"name\":\"Gad Municipal de Gualaquiza\",\"description\":\"Gualaquiza tiene futuro\",\"publisher\":{\"@id\":\"https:\/\/gadgualaquiza.gob.ec\/web\/#organization\"},\"potentialAction\":[{\"@type\":\"SearchAction\",\"target\":{\"@type\":\"EntryPoint\",\"urlTemplate\":\"https:\/\/gadgualaquiza.gob.ec\/web\/?s={search_term_string}\"},\"query-input\":\"required name=search_term_string\"}],\"inLanguage\":\"es\"},{\"@type\":\"Organization\",\"@id\":\"https:\/\/gadgualaquiza.gob.ec\/web\/#organization\",\"name\":\"GAD Municipal de Gualaquiza\",\"url\":\"https:\/\/gadgualaquiza.gob.ec\/web\/\",\"logo\":{\"@type\":\"ImageObject\",\"inLanguage\":\"es\",\"@id\":\"https:\/\/gadgualaquiza.gob.ec\/web\/#\/schema\/logo\/image\/\",\"url\":\"https:\/\/gadgualaquiza.gob.ec\/web\/wp-content\/uploads\/2018\/03\/logo.png\",\"contentUrl\":\"https:\/\/gadgualaquiza.gob.ec\/web\/wp-content\/uploads\/2018\/03\/logo.png\",\"width\":378,\"height\":168,\"caption\":\"GAD Municipal de Gualaquiza\"},\"image\":{\"@id\":\"https:\/\/gadgualaquiza.gob.ec\/web\/#\/schema\/logo\/image\/\"},\"sameAs\":[\"https:\/\/www.facebook.com\/GADMGualaquiza\/\",\"https:\/\/twitter.com\/gadgualaquiza\",\"https:\/\/www.youtube.com\/channel\/UCevG9dVTc47am3Z-S4sgeRg\/videos?disable_polymer=1\"]},{\"@type\":\"Person\",\"@id\":\"https:\/\/gadgualaquiza.gob.ec\/web\/#\/schema\/person\/aa08bcd7909c6672766f9edcdd9e722f\",\"name\":\"Fernando Pesantez\",\"image\":{\"@type\":\"ImageObject\",\"inLanguage\":\"es\",\"@id\":\"https:\/\/gadgualaquiza.gob.ec\/web\/#\/schema\/person\/image\/\",\"url\":\"https:\/\/secure.gravatar.com\/avatar\/efb8a6cdb2ab57ff97c950283b2ffe44?s=96&d=mm&r=g\",\"contentUrl\":\"https:\/\/secure.gravatar.com\/avatar\/efb8a6cdb2ab57ff97c950283b2ffe44?s=96&d=mm&r=g\",\"caption\":\"Fernando Pesantez\"},\"sameAs\":[\"http:\/\/www.gadgualaquiza.gob.ec\"],\"url\":\"https:\/\/gadgualaquiza.gob.ec\/web\/author\/fpesantez\/\"}]}<\/script>\n<!-- \/ Yoast SEO Premium plugin. -->","yoast_head_json":{"title":"CARRERA NOCTURNA YAMARAM NUA II EDICI\u00d3N | Gad Municipal de Gualaquiza","robots":{"index":"index","follow":"follow","max-snippet":"max-snippet:-1","max-image-preview":"max-image-preview:large","max-video-preview":"max-video-preview:-1"},"canonical":"https:\/\/gadgualaquiza.gob.ec\/web\/2021\/03\/24\/carrera-nocturna-yamaram-nua-ii-edicion\/","og_locale":"es_ES","og_type":"article","og_title":"CARRERA NOCTURNA YAMARAM NUA II EDICI\u00d3N","og_description":"Se desarroll\u00f3 la II carrera nocturna \u00abYAMARAM NUA\u00bb en el [\u2026]","og_url":"https:\/\/gadgualaquiza.gob.ec\/web\/2021\/03\/24\/carrera-nocturna-yamaram-nua-ii-edicion\/","og_site_name":"Gad Municipal de Gualaquiza","article_publisher":"https:\/\/www.facebook.com\/GADMGualaquiza\/","article_published_time":"2021-03-24T16:46:35+00:00","article_modified_time":"2021-03-24T16:46:42+00:00","og_image":[{"width":960,"height":733,"url":"https:\/\/gadgualaquiza.gob.ec\/web\/wp-content\/uploads\/2021\/03\/CARRERA.jpg","type":"image\/jpeg"}],"author":"Fernando Pesantez","twitter_card":"summary_large_image","twitter_creator":"@gadgualaquiza","twitter_site":"@gadgualaquiza","twitter_misc":{"Escrito por":"Fernando Pesantez","Tiempo de lectura":"1 minuto"},"schema":{"@context":"https:\/\/schema.org","@graph":[{"@type":"Article","@id":"https:\/\/gadgualaquiza.gob.ec\/web\/2021\/03\/24\/carrera-nocturna-yamaram-nua-ii-edicion\/#article","isPartOf":{"@id":"https:\/\/gadgualaquiza.gob.ec\/web\/2021\/03\/24\/carrera-nocturna-yamaram-nua-ii-edicion\/"},"author":{"name":"Fernando Pesantez","@id":"https:\/\/gadgualaquiza.gob.ec\/web\/#\/schema\/person\/aa08bcd7909c6672766f9edcdd9e722f"},"headline":"CARRERA NOCTURNA YAMARAM NUA II EDICI\u00d3N","datePublished":"2021-03-24T16:46:35+00:00","dateModified":"2021-03-24T16:46:42+00:00","mainEntityOfPage":{"@id":"https:\/\/gadgualaquiza.gob.ec\/web\/2021\/03\/24\/carrera-nocturna-yamaram-nua-ii-edicion\/"},"wordCount":189,"commentCount":0,"publisher":{"@id":"https:\/\/gadgualaquiza.gob.ec\/web\/#organization"},"image":{"@id":"https:\/\/gadgualaquiza.gob.ec\/web\/2021\/03\/24\/carrera-nocturna-yamaram-nua-ii-edicion\/#primaryimage"},"thumbnailUrl":"https:\/\/gadgualaquiza.gob.ec\/web\/wp-content\/uploads\/2021\/03\/CARRERA.jpg","articleSection":["COMUNIDAD","DEPORTES","NOTICIAS RECIENTES"],"inLanguage":"es","potentialAction":[{"@type":"CommentAction","name":"Comment","target":["https:\/\/gadgualaquiza.gob.ec\/web\/2021\/03\/24\/carrera-nocturna-yamaram-nua-ii-edicion\/#respond"]}]},{"@type":"WebPage","@id":"https:\/\/gadgualaquiza.gob.ec\/web\/2021\/03\/24\/carrera-nocturna-yamaram-nua-ii-edicion\/","url":"https:\/\/gadgualaquiza.gob.ec\/web\/2021\/03\/24\/carrera-nocturna-yamaram-nua-ii-edicion\/","name":"CARRERA NOCTURNA YAMARAM NUA II EDICI\u00d3N | Gad Municipal de Gualaquiza","isPartOf":{"@id":"https:\/\/gadgualaquiza.gob.ec\/web\/#website"},"primaryImageOfPage":{"@id":"https:\/\/gadgualaquiza.gob.ec\/web\/2021\/03\/24\/carrera-nocturna-yamaram-nua-ii-edicion\/#primaryimage"},"image":{"@id":"https:\/\/gadgualaquiza.gob.ec\/web\/2021\/03\/24\/carrera-nocturna-yamaram-nua-ii-edicion\/#primaryimage"},"thumbnailUrl":"https:\/\/gadgualaquiza.gob.ec\/web\/wp-content\/uploads\/2021\/03\/CARRERA.jpg","datePublished":"2021-03-24T16:46:35+00:00","dateModified":"2021-03-24T16:46:42+00:00","breadcrumb":{"@id":"https:\/\/gadgualaquiza.gob.ec\/web\/2021\/03\/24\/carrera-nocturna-yamaram-nua-ii-edicion\/#breadcrumb"},"inLanguage":"es","potentialAction":[{"@type":"ReadAction","target":["https:\/\/gadgualaquiza.gob.ec\/web\/2021\/03\/24\/carrera-nocturna-yamaram-nua-ii-edicion\/"]}]},{"@type":"ImageObject","inLanguage":"es","@id":"https:\/\/gadgualaquiza.gob.ec\/web\/2021\/03\/24\/carrera-nocturna-yamaram-nua-ii-edicion\/#primaryimage","url":"https:\/\/gadgualaquiza.gob.ec\/web\/wp-content\/uploads\/2021\/03\/CARRERA.jpg","contentUrl":"https:\/\/gadgualaquiza.gob.ec\/web\/wp-content\/uploads\/2021\/03\/CARRERA.jpg","width":960,"height":733},{"@type":"BreadcrumbList","@id":"https:\/\/gadgualaquiza.gob.ec\/web\/2021\/03\/24\/carrera-nocturna-yamaram-nua-ii-edicion\/#breadcrumb","itemListElement":[{"@type":"ListItem","position":1,"name":"Portada","item":"https:\/\/gadgualaquiza.gob.ec\/web\/"},{"@type":"ListItem","position":2,"name":"CARRERA NOCTURNA YAMARAM NUA II EDICI\u00d3N"}]},{"@type":"WebSite","@id":"https:\/\/gadgualaquiza.gob.ec\/web\/#website","url":"https:\/\/gadgualaquiza.gob.ec\/web\/","name":"Gad Municipal de Gualaquiza","description":"Gualaquiza tiene futuro","publisher":{"@id":"https:\/\/gadgualaquiza.gob.ec\/web\/#organization"},"potentialAction":[{"@type":"SearchAction","target":{"@type":"EntryPoint","urlTemplate":"https:\/\/gadgualaquiza.gob.ec\/web\/?s={search_term_string}"},"query-input":"required name=search_term_string"}],"inLanguage":"es"},{"@type":"Organization","@id":"https:\/\/gadgualaquiza.gob.ec\/web\/#organization","name":"GAD Municipal de Gualaquiza","url":"https:\/\/gadgualaquiza.gob.ec\/web\/","logo":{"@type":"ImageObject","inLanguage":"es","@id":"https:\/\/gadgualaquiza.gob.ec\/web\/#\/schema\/logo\/image\/","url":"https:\/\/gadgualaquiza.gob.ec\/web\/wp-content\/uploads\/2018\/03\/logo.png","contentUrl":"https:\/\/gadgualaquiza.gob.ec\/web\/wp-content\/uploads\/2018\/03\/logo.png","width":378,"height":168,"caption":"GAD Municipal de Gualaquiza"},"image":{"@id":"https:\/\/gadgualaquiza.gob.ec\/web\/#\/schema\/logo\/image\/"},"sameAs":["https:\/\/www.facebook.com\/GADMGualaquiza\/","https:\/\/twitter.com\/gadgualaquiza","https:\/\/www.youtube.com\/channel\/UCevG9dVTc47am3Z-S4sgeRg\/videos?disable_polymer=1"]},{"@type":"Person","@id":"https:\/\/gadgualaquiza.gob.ec\/web\/#\/schema\/person\/aa08bcd7909c6672766f9edcdd9e722f","name":"Fernando Pesantez","image":{"@type":"ImageObject","inLanguage":"es","@id":"https:\/\/gadgualaquiza.gob.ec\/web\/#\/schema\/person\/image\/","url":"https:\/\/secure.gravatar.com\/avatar\/efb8a6cdb2ab57ff97c950283b2ffe44?s=96&d=mm&r=g","contentUrl":"https:\/\/secure.gravatar.com\/avatar\/efb8a6cdb2ab57ff97c950283b2ffe44?s=96&d=mm&r=g","caption":"Fernando Pesantez"},"sameAs":["http:\/\/www.gadgualaquiza.gob.ec"],"url":"https:\/\/gadgualaquiza.gob.ec\/web\/author\/fpesantez\/"}]}},"_links":{"self":[{"href":"https:\/\/gadgualaquiza.gob.ec\/web\/wp-json\/wp\/v2\/posts\/10907"}],"collection":[{"href":"https:\/\/gadgualaquiza.gob.ec\/web\/wp-json\/wp\/v2\/posts"}],"about":[{"href":"https:\/\/gadgualaquiza.gob.ec\/web\/wp-json\/wp\/v2\/types\/post"}],"author":[{"embeddable":true,"href":"https:\/\/gadgualaquiza.gob.ec\/web\/wp-json\/wp\/v2\/users\/2"}],"replies":[{"embeddable":true,"href":"https:\/\/gadgualaquiza.gob.ec\/web\/wp-json\/wp\/v2\/comments?post=10907"}],"version-history":[{"count":1,"href":"https:\/\/gadgualaquiza.gob.ec\/web\/wp-json\/wp\/v2\/posts\/10907\/revisions"}],"predecessor-version":[{"id":10909,"href":"https:\/\/gadgualaquiza.gob.ec\/web\/wp-json\/wp\/v2\/posts\/10907\/revisions\/10909"}],"wp:featuredmedia":[{"embeddable":true,"href":"https:\/\/gadgualaquiza.gob.ec\/web\/wp-json\/wp\/v2\/media\/10908"}],"wp:attachment":[{"href":"https:\/\/gadgualaquiza.gob.ec\/web\/wp-json\/wp\/v2\/media?parent=10907"}],"wp:term":[{"taxonomy":"category","embeddable":true,"href":"https:\/\/gadgualaquiza.gob.ec\/web\/wp-json\/wp\/v2\/categories?post=10907"},{"taxonomy":"post_tag","embeddable":true,"href":"https:\/\/gadgualaquiza.gob.ec\/web\/wp-json\/wp\/v2\/tags?post=10907"}],"curies":[{"name":"wp","href":"https:\/\/api.w.org\/{rel}","templated":true}]}}